{"id":60298,"date":"2020-04-15T13:12:40","date_gmt":"2020-04-15T16:12:40","guid":{"rendered":"https:\/\/www.actualidadadiario.com\/?p=60298"},"modified":"2020-04-15T13:12:40","modified_gmt":"2020-04-15T16:12:40","slug":"argentina-logro-que-brasil-libere-agua-de-sus-represas-en-el-rio-iguazu-y-atenua-la-bajante-del-parana","status":"publish","type":"post","link":"https:\/\/www.actualidadadiario.com\/index.php\/2020\/04\/15\/argentina-logro-que-brasil-libere-agua-de-sus-represas-en-el-rio-iguazu-y-atenua-la-bajante-del-parana\/","title":{"rendered":"Argentina logr\u00f3 que Brasil libere agua de sus represas en el R\u00edo Iguaz\u00fa y aten\u00faa la bajante del Paran\u00e1"},"content":{"rendered":"<p style=\"text-align: center;\"><em><strong>La Canciller\u00eda de Argentina consigui\u00f3 este martes que se liberaran unos 350 metros c\u00fabicos por segundo de agua en Baixo Igua\u00e7u. El viernes pedir\u00e1n por 1500 m3\/s de Itaip\u00fa<\/strong><\/em><\/p>\n<p>&nbsp;<\/p>\n<p>&nbsp;<\/p>\n<p>Los funcionarios de la Canciller\u00eda de Argentina consiguieron este martes que Brasil liberara 350 metros c\u00fabicos por segundo (m3\/s) de agua en la represa hidroel\u00e9ctrica Baixo Igua\u00e7u hacia el R\u00edo Iguaz\u00fa, que confluye con el Paran\u00e1 en la Triple Frontera.<\/p>\n<p>Adem\u00e1s, el viernes pedir\u00e1n mediante videoconferencia que Brasil y Paraguay abran las compuertas de Itaip\u00fa (la represa hidroel\u00e9ctrica m\u00e1s grande del mundo) para dejar pasar otros 1500 m3\/s en el R\u00edo Paran\u00e1.<\/p>\n<p>La situaci\u00f3n h\u00eddrica en el Noreste Argentino (NEA, Litoral o Mesopotamia) es cr\u00edtica y los r\u00edos Iguaz\u00fa, Paran\u00e1 y Uruguay registran bajantes hist\u00f3ricas por una sequ\u00eda en el sudeste de Brasil.<\/p>\n<p>&#8220;El pedido equivale pr\u00e1cticamente al excedente de agua que Brasil retuvo en todas sus represas de la cuenca durante este periodo de sequ\u00eda. Ellos la guardan para energ\u00eda y nosotros la necesitamos para consumo&#8221;, detallaron fuentes de la Canciller\u00eda de Argentina.<\/p>\n<p>La gesti\u00f3n virtual -en tiempos de distanciamiento social- fue encabezada por el subsecretario de Asuntos de Am\u00e9rica Latina de la Canciller\u00eda argentina, Juan Carlos Valle Raleigh, quien estuvo acompa\u00f1ado por director de Coordinaci\u00f3n de las Comisiones Binacionales Vinculadas a la Cuenca del Plata, Mariano Vergara, y por el subsecretario de Obras Hidr\u00e1ulicas, Gustavo Villa Ur\u00eda.<\/p>\n<p>&nbsp;<\/p>\n<p><strong>Las dos represas m\u00e1s grandes del pa\u00eds, sin agua <\/strong><\/p>\n<p>Entre las distintas complicaciones que sobrevinieron al d\u00e9ficit h\u00eddrico, una de ellas fue que las dos represas hidroel\u00e9ctricas m\u00e1s grandes de la Argentina, Yacyret\u00e1 (compartida con Paraguay en el R\u00edo Paran\u00e1, frente a Corrientes) y Salto Grande (con Uruguay en el r\u00edo hom\u00f3nimo, frente a Entre R\u00edos) se quedaron sin recurso -agua- para generar energ\u00eda.<\/p>\n<p>La situaci\u00f3n hab\u00eda sido advertida a mediados de marzo por un informe de la consultora G&amp;G Energy Consultants, que dirige Daniel Gerold.<\/p>\n<p>De las 20 turbinas de 155 MW cada una (con una potencia instalada total de 3100 MW), Yacyret\u00e1 tiene 17 m\u00e1quinas disponibles (2635 MW). Este martes, esta represa solamente pudo entregar potencia por 1154 MW, de los cuales 995 MW fueron para Argentina y lo restante, para Paraguay.<\/p>\n<p>&#8220;Aproximadamente, la mitad de las m\u00e1quinas disponibles no habr\u00edan sido despachadas por falta de agua&#8221;, observaron en la Entidad Binacional Yacyret\u00e1 (EBY).<\/p>\n<p>Durante esta semana se estima que el nivel se mantenga acotado en el rango extraordinario de 0,10 a 0,20 metros (m) de profundidad en el Paran\u00e1, frente a la localidad de Ituzaing\u00f3, Corrientes, en donde se ubica Yacyret\u00e1. Este nivel est\u00e1 &#8220;bien por debajo de los 3,50 (m), correspondiente al nivel de alerta para dicho hidr\u00f3metro&#8221;.<\/p>\n<p>Esto es porque los principales reservorios emplazados en la cuenca del r\u00edo Paran\u00e1, situados en territorio brasilero, se encuentran con un almacenamiento ponderado del 59%.<\/p>\n<p>Salto Grande, en tanto, posee 14 m\u00e1quinas de 135 MW cada una (1890 MW) y tiene 12 disponibles. El lunes apenas se despacharon 146 MW, en partes iguales (73 MW para Argentina y el resto para Uruguay), mientras que el martes se elev\u00f3 a 353 MW para Argentina, seg\u00fan figura en la web de la Compa\u00f1\u00eda Administradora del Mercado Mayorista El\u00e9ctrico (Cammesa).<\/p>\n<p>La represa de Salto Grande, seg\u00fan el Bolet\u00edn Semanal de Cammesa, &#8220;se encuentra en modo de Operaci\u00f3n en Estiaje Severo con un erogado m\u00ednimo de 600 m3\/s&#8221;. El estiaje es el nivel de caudal m\u00ednimo que alcanza un r\u00edo o laguna en algunas \u00e9pocas del a\u00f1o, debido principalmente a la sequ\u00eda.<\/p>\n<p>&nbsp;<\/p>\n<p><strong>La operaci\u00f3n de los r\u00edos en Brasil <\/strong><\/p>\n<p>&#8220;La cuenca del R\u00edo Paran\u00e1 viene con los embalses en general bajos, agravado por una sucesi\u00f3n de a\u00f1os de sequ\u00edas. Dada la baja demanda el\u00e9ctrica, los caudales turbinados son bajos y est\u00e1n aprovechando para llevar a cota normal el Embalse de Itaip\u00fa. Ello ocurrir\u00e1 en un par de d\u00edas, y a partir de all\u00ed se incrementar\u00e1n los caudales salientes a Argentina, tendiendo a normalizarse el curso fluvial en nuestro pa\u00eds&#8221;, inform\u00f3 un conocedor del mercado el\u00e9ctrico.<\/p>\n<p>Para esta fuente, &#8220;Brasil deber\u00eda erogar m\u00e1s generaci\u00f3n hidroel\u00e9ctrica y no s\u00e9 si la necesita&#8221;. &#8220;No van a verter agua sin turbinar&#8221;, estim\u00f3, y agreg\u00f3 que el pa\u00eds vecino est\u00e1 en su derecho a disponer de ese recurso, hoy escaso.<\/p>\n<p>El consultor brasile\u00f1o Gabriel Dufflis Fernandes, analista de Investigaci\u00f3n en Energ\u00eda El\u00e9ctrica de Wood Mackenzie para Am\u00e9rica Latina, contest\u00f3 algunas preguntas sobre el tema. Antes, aclar\u00f3:<\/p>\n<ul>\n<li>Hubo dos factores para que haya un menor flujo de agua desde Brasil<\/li>\n<\/ul>\n<p>La sequ\u00eda en la regi\u00f3n Sur, que afect\u00f3 m\u00e1s al R\u00edo Uruguay que al R\u00edo Paran\u00e1. Esta regi\u00f3n enfrent\u00f3 la peor sequ\u00eda de los \u00faltimos 90 a\u00f1os.<\/p>\n<p>La menor demanda de energ\u00eda y, por consecuencia, la menor necesidad de despacho de las centrales hidroel\u00e9ctricas. El Covid-19 y las distintas medidas locales de distanciamiento social en Brasil hicieron que el despacho fuera m\u00e1s bajo, aunque plante\u00f3 que &#8220;cerrar las compuertas&#8221; no es posible.<\/p>\n<p><strong>&#8211; \u00bfCu\u00e1l es el costo medio del sistema el\u00e9ctrico brasile\u00f1o? <\/strong><\/p>\n<p>&#8211; Como referencia, el costo medio en 2019 fue de R$ 183 por megavatio-hora (MWh) (al tipo de cambio de hoy, cerca de US$ 36,50 \/MWh) &#8211; contest\u00f3 Dufflis Fernandes, de Wood Mackenzie<\/p>\n<p>&nbsp;<\/p>\n<p><strong>&#8211; \u00bfCu\u00e1nto es el costo medio de la energ\u00eda hidroel\u00e9ctrica en Brasil? <\/strong><\/p>\n<p>&#8211; En t\u00e9rminos de despacho, no hay costo para la hidroelectricidad en Brasil (costo cero). La contribuci\u00f3n del despacho hidroel\u00e9ctrico en la formaci\u00f3n de precio es aumentar o disminuir la necesidad de despacho de las centrales t\u00e9rmicas (como las otras renovables). Ahora mismo estamos en Brasil con costo cero en todas las regiones, porque con la demanda baja, no hay necesidad de despacho t\u00e9rmico y tampoco de pleno despacho hidr\u00e1ulico.<\/p>\n<p>El especialista en energ\u00eda el\u00e9ctrica, adem\u00e1s, sostuvo que &#8220;la decisi\u00f3n de despachar\/embalsar es una se\u00f1al del modelo matem\u00e1tico; no hay acciones deliberadas en el sentido de embalsar agua&#8221;, en l\u00ednea con lo que respondieron fuentes de la embajada de Brasil en Argentina.<\/p>\n","protected":false},"excerpt":{"rendered":"<p>La Canciller\u00eda de Argentina consigui\u00f3 este martes que se liberaran unos 350 metros c\u00fabicos por segundo de agua en Baixo Igua\u00e7u. El viernes pedir\u00e1n por 1500 m3\/s de Itaip\u00fa &nbsp; &nbsp; Los funcionarios de la Canciller\u00eda de Argentina consiguieron este martes que Brasil liberara 350 metros c\u00fabicos por segundo (m3\/s) de agua en la represa hidroel\u00e9ctrica Baixo Igua\u00e7u hacia el R\u00edo Iguaz\u00fa, que confluye con el Paran\u00e1 en la Triple Frontera. Adem\u00e1s, el viernes pedir\u00e1n mediante videoconferencia que Brasil y Paraguay abran las compuertas de Itaip\u00fa (la represa hidroel\u00e9ctrica m\u00e1s&#8230;<\/p>\n","protected":false},"author":3,"featured_media":60299,"comment_status":"closed","ping_status":"closed","sticky":false,"template":"","format":"standard","meta":[],"categories":[2],"tags":[],"_links":{"self":[{"href":"https:\/\/www.actualidadadiario.com\/index.php\/wp-json\/wp\/v2\/posts\/60298"}],"collection":[{"href":"https:\/\/www.actualidadadiario.com\/index.php\/wp-json\/wp\/v2\/posts"}],"about":[{"href":"https:\/\/www.actualidadadiario.com\/index.php\/wp-json\/wp\/v2\/types\/post"}],"author":[{"embeddable":true,"href":"https:\/\/www.actualidadadiario.com\/index.php\/wp-json\/wp\/v2\/users\/3"}],"replies":[{"embeddable":true,"href":"https:\/\/www.actualidadadiario.com\/index.php\/wp-json\/wp\/v2\/comments?post=60298"}],"version-history":[{"count":1,"href":"https:\/\/www.actualidadadiario.com\/index.php\/wp-json\/wp\/v2\/posts\/60298\/revisions"}],"predecessor-version":[{"id":60300,"href":"https:\/\/www.actualidadadiario.com\/index.php\/wp-json\/wp\/v2\/posts\/60298\/revisions\/60300"}],"wp:featuredmedia":[{"embeddable":true,"href":"https:\/\/www.actualidadadiario.com\/index.php\/wp-json\/wp\/v2\/media\/60299"}],"wp:attachment":[{"href":"https:\/\/www.actualidadadiario.com\/index.php\/wp-json\/wp\/v2\/media?parent=60298"}],"wp:term":[{"taxonomy":"category","embeddable":true,"href":"https:\/\/www.actualidadadiario.com\/index.php\/wp-json\/wp\/v2\/categories?post=60298"},{"taxonomy":"post_tag","embeddable":true,"href":"https:\/\/www.actualidadadiario.com\/index.php\/wp-json\/wp\/v2\/tags?post=60298"}],"curies":[{"name":"wp","href":"https:\/\/api.w.org\/{rel}","templated":true}]}}