{"id":60286,"date":"2020-04-15T13:06:08","date_gmt":"2020-04-15T16:06:08","guid":{"rendered":"https:\/\/www.actualidadadiario.com\/?p=60286"},"modified":"2020-04-15T13:06:08","modified_gmt":"2020-04-15T16:06:08","slug":"alberto-recibe-a-gobernadores-para-definir-cuarentena-administrada","status":"publish","type":"post","link":"https:\/\/www.actualidadadiario.com\/index.php\/2020\/04\/15\/alberto-recibe-a-gobernadores-para-definir-cuarentena-administrada\/","title":{"rendered":"Alberto recibe a gobernadores para definir cuarentena &#8220;administrada&#8221;"},"content":{"rendered":"<p style=\"text-align: center;\"><em><strong>Se reunir\u00e1n este jueves. Cafiero ya eval\u00faa pedidos de las provincias. El Presidente agenda videoconferencia con los intendentes de todo el pa\u00eds<\/strong><\/em><\/p>\n<p>&nbsp;<\/p>\n<p>&nbsp;<\/p>\n<p>Alberto Fern\u00e1ndez recibir\u00e1 este jueves a los gobernadores para definir la nueva fase del aislamiento \u201cadministrado\u201d en las provincias luego del pedido de algunos mandatarios para comenzar a poner en marcha la actividad econ\u00f3mica en sus distritos. La Casa Rosada ya descart\u00f3 una apertura parcial en la regi\u00f3n AMBA, que abarca a la Ciudad Aut\u00f3noma de Buenos Aires y al conurbano bonaerense, pero en la reuni\u00f3n de la unidad coordinadora que encabeza Santiago Cafiero comenzaron a analizarse pedidos puntuales de los gobiernos provinciales.<\/p>\n<p>En principio, este jueves el Presidente mantendr\u00eda la tercera videoconferencia con los gobernadores para repasar los resultados de la pr\u00f3rroga del aislamiento social obligatorio y definir qu\u00e9 actividades podr\u00edan regresar a funcionar en el interior de las provincias. Est\u00e1 descartado, por consejo del comit\u00e9 de m\u00e9dicos que asesoran al Jefe de Estado, un relajamiento del confinamiento en los centros urbanos, pero existe la posibilidad de habilitar actividades en peque\u00f1os distritos vinculados a la agricultura y la ganader\u00eda donde no se hayan registrados casos de coronavirus. Alberto deleg\u00f3 en los gobernadores la nueva fase de aislamiento obligatorio para que los mandatarios asuman la responsabilidad pol\u00edtica de cualquier medida que se tome en sus distritos en caso de que se genere un brote de contagios.<\/p>\n<p>Hoy fue un d\u00eda de interconsultas permanentes en el gobierno nacional, y tambi\u00e9n en la administraci\u00f3n de Axel Kicillof. A la videoconferencia con gobernadores prevista para el jueves se sumar\u00eda otra el viernes entre el Presidente e intendentes de todo el pa\u00eds. Los jefes comunales son quienes tiene el pulso de la pandemia en sus territorios y, en definitiva, los encargados de administrar el aislamiento y la emergencia sanitaria. A las 14, un grupo de intendentes del conurbano mantuvo una conferencia virtual con Nicol\u00e1s Kreplak, viceministro de Salud bonaerense y brazo ejecutor del gobernador en materia de pol\u00edtica sanitaria. El mapeo de casos en la provincia, arroja que al menos 58 municipios est\u00e1n libres de coronavirus. Existen regiones sanitarias del interior de Buenos Aires, como la quinta, donde s\u00f3lo se registra un infectado en Jun\u00edn. El plan de Kicillof, previo aval de la Casa Rosada, apunta a liberar determinadas actividades productivas a partir del pr\u00f3ximo lunes.<\/p>\n<p>Las urgencias econ\u00f3micas, y financieras de las provincias, empujan a los intendentes del conurbano a la ventanilla de Naci\u00f3n en busca de fondos para asegurar el pago de salarios de abril y mayo en medio del parate econ\u00f3mico. As\u00ed como partidas para afrontar los gastos que demanda la pandemia en materia sanitaria en sus distritos. Eso fue lo que conversaron Alberto, Juan Zabaleta (Hurlingham) y Jorge Macri esta tarde en Olivos. A la salida de la reuni\u00f3n con el Presidente, estos intendentes se cruzaron con Sergio Massa. El Presidente de la C\u00e1mara de Diputados sobrevol\u00f3 en helic\u00f3ptero el \u00e1rea metropolitana para controlar el cumplimiento de la prohibici\u00f3n de circulaci\u00f3n de veh\u00edculos junto a Eduardo \u201cWado\u201d de Pedro y Sabina Frederic.<\/p>\n<p>Massa repas\u00f3 con Alberto el paquete de leyes que se debatir\u00eda en una sesi\u00f3n virtual luego de que la Corte Suprema responda el pedido de declaraci\u00f3n de certeza presentado por Cristina Fern\u00e1ndez de Kirchner, titular del Senado, para convalidad la legalidad de una votaci\u00f3n remota en el Congreso. Adem\u00e1s del impuesto a las \u201cgrandes fortunas\u201d, el Presidente y exintendente de Tigre evaluaron la posibilidad de incluir la eliminaci\u00f3n del impuesto a las ganancias al personal de servicios esenciales as\u00ed como un sistema de premio a la inversi\u00f3n productiva para quienes destinen a proyectos productivos los fondos del \u00faltimo blanqueo de capitales. Ninguna iniciativa va a avanzar sin que Massa reciba luz verde de Alberto. Massa ya tiene lista la modificaci\u00f3n reglamentaria que permita la sesi\u00f3n virtual: identificaci\u00f3n facial con r\u00e9gimen de validaci\u00f3n por el Renaper que permite dar quorum a distancia y que no haya trampa junto a un sistema de claves para loguearse y votar de forma remota.<\/p>\n<p>En cuanto a los gobernadores, la semana pasada el Presidente les anunci\u00f3 un paquete de ayuda de 120 mil millones de pesos que se repartir\u00e1n v\u00eda ATN y pr\u00e9stamos. La mitad ya fue girada a las provincias. Algunos distritos como La Pampa, C\u00f3rdoba, Santa Fe, R\u00edo Negro y Mendoza ya adelantaron que no aplicar\u00e1n la cuarentena \u201cadministrada\u201d y que seguir\u00e1n con la pol\u00edtica de aislamiento estricta recomendada por la Casa Rosada. La provincia de Buenos Aires s\u00ed presentar\u00e1 un plan de apertura paulatina en los municipios donde no se registran casos aunque el conurbano, el foco m\u00e1s cr\u00edtico en materia social, seguir\u00e1 blindado y sin actividad econ\u00f3mica.<\/p>\n<p>En Misiones preparan un pedido para habilitar algunas regiones vinculadas a la plantaci\u00f3n y cosecha de yerba mate as\u00ed como la actividad forestal. Salta har\u00eda lo mismo con el tabaco y Tucum\u00e1n con los ingenios azucareros. Sin embargo ning\u00fan gobernador est\u00e1 convencido de relajar la cuarentena de cara al pico de contagios previsto para mayo. La Unidad de Coordinaci\u00f3n General del Plan Integral para la Prevenci\u00f3n de Eventos de Salud P\u00fablica es encabezada por Cafiero tambi\u00e9n participan los ministros Gin\u00e9s Gonz\u00e1lez Garc\u00eda (Salud), De Pedro (Interior), Mat\u00edas Kulfas (Desarrollo Productivo), Mart\u00edn Guzm\u00e1n (Econom\u00eda), Claudio Moroni (Trabajo) y Felipe Sol\u00e1 (Canciller\u00eda), seg\u00fan la decisi\u00f3n administrativa 497\/2020, publicada en el Bolet\u00edn Oficial.<\/p>\n<p>En las \u00faltimas 72 horas, Cafiero y De Pedro realizaron una ronda de consultas con todos los gobernadores, en pos de avanzar en el an\u00e1lisis de posibles aislamientos jurisdiccionales, en alg\u00fan sector productivo o regi\u00f3n, en el marco de la actual etapa de cuarentena &#8220;administrada&#8221;. Alberto encomend\u00f3 al jefe de Gabinete ser el v\u00ednculo con cada gobernador para la evaluaci\u00f3n de los pedidos y, de esta manera, tendr\u00e1 la posibilidad de &#8220;exceptuar la prohibici\u00f3n de circular al personal afectado a determinadas actividades y servicios o a las personas que habiten en \u00e1reas geogr\u00e1ficas espec\u00edficas y delimitadas&#8221;.<\/p>\n<p>El viernes pasado, al anunciar la extensi\u00f3n del aislamiento obligatorio, que se inici\u00f3 el 20 de marzo, Fern\u00e1ndez dijo que se analizar\u00eda con cada uno de los gobernadores y el jefe de Gobierno porte\u00f1o pedidos de posible flexibilizaci\u00f3n de la medida, por ciudades o sector productivo. De todos modos, el jefe de Estado aclar\u00f3 que la resoluci\u00f3n final ser\u00e1 del Poder Ejecutivo nacional, ya que -seg\u00fan recalc\u00f3- la prioridad es tratar de &#8220;aplanar la curva de casos de coronavirus y extender el pico todo los posible hacia m\u00e1s adelante&#8221;, para evitar el colapso de la red sanitaria ante las consultas e internaciones.<\/p>\n","protected":false},"excerpt":{"rendered":"<p>Se reunir\u00e1n este jueves. Cafiero ya eval\u00faa pedidos de las provincias. El Presidente agenda videoconferencia con los intendentes de todo el pa\u00eds &nbsp; &nbsp; Alberto Fern\u00e1ndez recibir\u00e1 este jueves a los gobernadores para definir la nueva fase del aislamiento \u201cadministrado\u201d en las provincias luego del pedido de algunos mandatarios para comenzar a poner en marcha la actividad econ\u00f3mica en sus distritos. La Casa Rosada ya descart\u00f3 una apertura parcial en la regi\u00f3n AMBA, que abarca a la Ciudad Aut\u00f3noma de Buenos Aires y al conurbano bonaerense, pero en la reuni\u00f3n&#8230;<\/p>\n","protected":false},"author":3,"featured_media":59989,"comment_status":"closed","ping_status":"closed","sticky":false,"template":"","format":"standard","meta":[],"categories":[9],"tags":[],"_links":{"self":[{"href":"https:\/\/www.actualidadadiario.com\/index.php\/wp-json\/wp\/v2\/posts\/60286"}],"collection":[{"href":"https:\/\/www.actualidadadiario.com\/index.php\/wp-json\/wp\/v2\/posts"}],"about":[{"href":"https:\/\/www.actualidadadiario.com\/index.php\/wp-json\/wp\/v2\/types\/post"}],"author":[{"embeddable":true,"href":"https:\/\/www.actualidadadiario.com\/index.php\/wp-json\/wp\/v2\/users\/3"}],"replies":[{"embeddable":true,"href":"https:\/\/www.actualidadadiario.com\/index.php\/wp-json\/wp\/v2\/comments?post=60286"}],"version-history":[{"count":1,"href":"https:\/\/www.actualidadadiario.com\/index.php\/wp-json\/wp\/v2\/posts\/60286\/revisions"}],"predecessor-version":[{"id":60287,"href":"https:\/\/www.actualidadadiario.com\/index.php\/wp-json\/wp\/v2\/posts\/60286\/revisions\/60287"}],"wp:featuredmedia":[{"embeddable":true,"href":"https:\/\/www.actualidadadiario.com\/index.php\/wp-json\/wp\/v2\/media\/59989"}],"wp:attachment":[{"href":"https:\/\/www.actualidadadiario.com\/index.php\/wp-json\/wp\/v2\/media?parent=60286"}],"wp:term":[{"taxonomy":"category","embeddable":true,"href":"https:\/\/www.actualidadadiario.com\/index.php\/wp-json\/wp\/v2\/categories?post=60286"},{"taxonomy":"post_tag","embeddable":true,"href":"https:\/\/www.actualidadadiario.com\/index.php\/wp-json\/wp\/v2\/tags?post=60286"}],"curies":[{"name":"wp","href":"https:\/\/api.w.org\/{rel}","templated":true}]}}