{"id":60283,"date":"2020-04-15T13:04:45","date_gmt":"2020-04-15T16:04:45","guid":{"rendered":"https:\/\/www.actualidadadiario.com\/?p=60283"},"modified":"2020-04-15T13:04:45","modified_gmt":"2020-04-15T16:04:45","slug":"alberto-recibio-a-maximo-y-apoyo-el-impuesto-a-los-ricos","status":"publish","type":"post","link":"https:\/\/www.actualidadadiario.com\/index.php\/2020\/04\/15\/alberto-recibio-a-maximo-y-apoyo-el-impuesto-a-los-ricos\/","title":{"rendered":"Alberto recibi\u00f3 a M\u00e1ximo y apoy\u00f3 el impuesto a los ricos"},"content":{"rendered":"<p style=\"text-align: center;\"><em><strong>El diputado y su par Heller consensuaron el proyecto con el presidente y el ministro de Hacienda Mart\u00edn Guzm\u00e1n. Repasaron la oferta que se presentar\u00e1 a los acreedores<\/strong><\/em><\/p>\n<p>&nbsp;<\/p>\n<p>Alberto Fern\u00e1ndez recibi\u00f3 junto a Mart\u00edn Guzm\u00e1n a los diputados M\u00e1ximo Kirchner y Carlos Heller para precisar detalles del proyecto para gravar a las altas fortunas que preparan y se presentar\u00eda el viernes o lunes.<\/p>\n<p>El jefe del bloque oficialista busc\u00f3 un respaldo en el presidente, quien en sus entrevistas televisivas respalda su iniciativa pero aclara que los impuestos son materia del Congreso y no intervendr\u00e1. Con esta foto, ratific\u00f3 su apoyo.<\/p>\n<p>&#8220;La reuni\u00f3n dur\u00f3 una hora y media y se habl\u00f3 sobre el proyecto sobre las grandes fortunas. La idea es avanzar. Tambi\u00e9n el ministro de Hacienda cont\u00f3 detalles de la oferta a los acreedores y se hizo un monitoreo por la crisis del coronavirus. M\u00e1ximo y Alberto hablan varias veces al d\u00eda&#8221;, informaron desde el Congreso.<\/p>\n<p>Alberto se sum\u00f3 por twitter. &#8220;Junto a Mart\u00edn Guzm\u00e1n recibimos a M\u00e1ximo Kirchner y a Carlos Heller para conversar sobre su proyecto de impuesto a las grandes fortunas, una herramienta \u00fatil para afrontar la lucha contra el coronavirus y las dificultades del presente con la solidaridad de los que m\u00e1s tienen&#8221;, poste\u00f3.<\/p>\n<p>La ley gravar\u00e1 por \u00fanica vez a las grandes fortunas del pa\u00eds para destinar los fondos al combate contra el coronavirus. Seg\u00fan se desprende de declaraciones radiales de Heller ser\u00edan alcanzados los que tengan entre 1.5 y 3 millones de d\u00f3lares con una al\u00edcuota a definir.<\/p>\n<p>M\u00e1ximo tiene otras ideas como pedirles un aporte a los legisladores con patrimonios mayores a 20 millones de pesos y restringir las ganancias de los supermercados al 4% de su facturaci\u00f3n, aunque no ser\u00eda este un proyecto de emergencia y podr\u00eda ser enviado aparte.<\/p>\n<p>Adem\u00e1s, Alberto retom\u00f3 el paquete de leyes impositivas que quedaron truncas porque el Senado se neg\u00f3 a sesionar en el recinto y ahora podr\u00eda tratarse si Cristina Kirchner consigue que la Corte Suprema valide las sesiones por teleconferencia.\u00a0 Buscar\u00eda eximir de impuestos a la compra de insumos m\u00e9dicos y del impuesto a las Ganancias a los trabajadores de Salud. Y no descartan nuevas exenciones a las Pymes, un reclamo de legisladores de todas las fuerzas pol\u00edticas.<\/p>\n","protected":false},"excerpt":{"rendered":"<p>El diputado y su par Heller consensuaron el proyecto con el presidente y el ministro de Hacienda Mart\u00edn Guzm\u00e1n. Repasaron la oferta que se presentar\u00e1 a los acreedores &nbsp; Alberto Fern\u00e1ndez recibi\u00f3 junto a Mart\u00edn Guzm\u00e1n a los diputados M\u00e1ximo Kirchner y Carlos Heller para precisar detalles del proyecto para gravar a las altas fortunas que preparan y se presentar\u00eda el viernes o lunes. El jefe del bloque oficialista busc\u00f3 un respaldo en el presidente, quien en sus entrevistas televisivas respalda su iniciativa pero aclara que los impuestos son materia&#8230;<\/p>\n","protected":false},"author":3,"featured_media":60284,"comment_status":"closed","ping_status":"closed","sticky":false,"template":"","format":"standard","meta":[],"categories":[9],"tags":[],"_links":{"self":[{"href":"https:\/\/www.actualidadadiario.com\/index.php\/wp-json\/wp\/v2\/posts\/60283"}],"collection":[{"href":"https:\/\/www.actualidadadiario.com\/index.php\/wp-json\/wp\/v2\/posts"}],"about":[{"href":"https:\/\/www.actualidadadiario.com\/index.php\/wp-json\/wp\/v2\/types\/post"}],"author":[{"embeddable":true,"href":"https:\/\/www.actualidadadiario.com\/index.php\/wp-json\/wp\/v2\/users\/3"}],"replies":[{"embeddable":true,"href":"https:\/\/www.actualidadadiario.com\/index.php\/wp-json\/wp\/v2\/comments?post=60283"}],"version-history":[{"count":1,"href":"https:\/\/www.actualidadadiario.com\/index.php\/wp-json\/wp\/v2\/posts\/60283\/revisions"}],"predecessor-version":[{"id":60285,"href":"https:\/\/www.actualidadadiario.com\/index.php\/wp-json\/wp\/v2\/posts\/60283\/revisions\/60285"}],"wp:featuredmedia":[{"embeddable":true,"href":"https:\/\/www.actualidadadiario.com\/index.php\/wp-json\/wp\/v2\/media\/60284"}],"wp:attachment":[{"href":"https:\/\/www.actualidadadiario.com\/index.php\/wp-json\/wp\/v2\/media?parent=60283"}],"wp:term":[{"taxonomy":"category","embeddable":true,"href":"https:\/\/www.actualidadadiario.com\/index.php\/wp-json\/wp\/v2\/categories?post=60283"},{"taxonomy":"post_tag","embeddable":true,"href":"https:\/\/www.actualidadadiario.com\/index.php\/wp-json\/wp\/v2\/tags?post=60283"}],"curies":[{"name":"wp","href":"https:\/\/api.w.org\/{rel}","templated":true}]}}