{"id":60281,"date":"2020-04-15T13:03:51","date_gmt":"2020-04-15T16:03:51","guid":{"rendered":"https:\/\/www.actualidadadiario.com\/?p=60281"},"modified":"2020-04-15T13:03:51","modified_gmt":"2020-04-15T16:03:51","slug":"movilidad-social-los-gobernadores-instan-a-no-relajar-cuarentena","status":"publish","type":"post","link":"https:\/\/www.actualidadadiario.com\/index.php\/2020\/04\/15\/movilidad-social-los-gobernadores-instan-a-no-relajar-cuarentena\/","title":{"rendered":"Movilidad social: los gobernadores instan a no relajar cuarentena"},"content":{"rendered":"<p style=\"text-align: center;\"><em><strong>En capitales creci\u00f3 el movimiento social, ante presi\u00f3n por la par\u00e1lisis econ\u00f3mica, la flexibilizaci\u00f3n en algunos sectores y la puerta abierta a evaluar m\u00e1s permisos. En Chaco, Jorge Capitanich acord\u00f3 con empresas de telefon\u00eda celular la recepci\u00f3n de datos para hacer monitoreo diario de ubicaci\u00f3n de la ciudadan\u00eda y ajustar controles<\/strong><\/em><\/p>\n<p>&nbsp;<\/p>\n<p>&nbsp;<\/p>\n<p>Las postales de relajamiento de la cuarentena social que brotan en los \u00faltimos d\u00edas desde distintas capitales provinciales y otras ciudades importantes generan preocupaci\u00f3n en un creciente n\u00famero de gobernadores, que desde la trinchera del combate al coronavirus salieron a reclamar un mayor cumplimiento de las restricciones, m\u00e1s all\u00e1 de las variantes de flexibilizaci\u00f3n para el sector productivo que se eval\u00faan en algunos distritos.<\/p>\n<p>Calles con mayor movimiento de veh\u00edculos y veredas donde se multiplican extensas colas de vecinos para acceder a comercios, bancos y empresas de servicios p\u00fablicos son algunas de las im\u00e1genes que se hab\u00edan vuelto inusuales desde el inicio el pasado 20 de marzo de la cuarentena decretada por Alberto Fern\u00e1ndez, y que el pr\u00f3ximo viernes cumplir\u00e1 cuatro semanas.<\/p>\n<p>Sin embargo, la olla a presi\u00f3n por la par\u00e1lisis econ\u00f3mica que comenz\u00f3 a rebalsar, la habilitaci\u00f3n de tareas para algunos sectores productivos y la confirmaci\u00f3n el pasado viernes por parte del Presidente de que los mandatarios podr\u00e1n elevar propuestas formales de flexibilizaci\u00f3n por sectores o localidades comenz\u00f3 a derivar en un riesgoso incremento del movimiento social, con el consecuente aumento de los riesgos sanitarios.<\/p>\n<p>\u201cEl aislamiento est\u00e1 dando resultados mejores que los proyectados, pero todav\u00eda falta; no podemos relajarnos porque en el mundo no hay otro ant\u00eddoto mejor contra este virus que, por ahora, no tiene cura\u201d, se\u00f1al\u00f3 en las \u00faltimas horas el gobernador de Chaco, Jorge Capitanich, desde una de las provincias m\u00e1s golpeadas por la pandemia, con 153 casos confirmados y 9 fallecidos. Desde el lunes, rige en tierra chaque\u00f1a una doble restricci\u00f3n adicional: una alarma sanitaria desde las 21 y un diagrama de circulaci\u00f3n de veh\u00edculos y motos en funci\u00f3n de la terminaci\u00f3n de la patente.<\/p>\n<p>Al anunciar esas medidas, Capitanich cit\u00f3 un ranking de movilidad ciudadana que -dijo- fue elaborado por la Jefatura de Gabinete nacional y presentado durante una teleconferencia de los gobernadores con Fern\u00e1ndez. All\u00ed se releva el porcentaje de personas que se movilizan por provincia, en funci\u00f3n del monitoreo de la geolocalizaci\u00f3n de celulares en todo el pa\u00eds.<\/p>\n<p>Ese listado -de principios de abril- muestra a la cabeza del incumplimiento del aislamiento a Tucum\u00e1n, con el 64% de la poblaci\u00f3n en movimiento, seguida por La Pampa (62%) y por San Juan (59%).Chaco aparece en el cuarto escal\u00f3n (57%), mientras que los distritos con menor movilidad son CABA (29%), Tierra del Fuego (38%), Santa Cruz (40%), Neuqu\u00e9n (41%) y Buenos Aires (42%).<\/p>\n<p>En la noche de este martes, Capitanich fue m\u00e1s all\u00e1: ratific\u00f3 que Chaco sigue por encima del promedio de movilidad a nivel pa\u00eds y confirm\u00f3 que se comunic\u00f3 con &#8220;los m\u00e1ximos responsables&#8221; de las empresas de telefon\u00eda celular de Argentina para implementar estrategias de seguimiento fino del movimiento local.<\/p>\n<p>En esa l\u00ednea, dijo que le enviar\u00e1n datos para identificar -por geolocalizaci\u00f3n de los celulares- la movilidad en forma diaria de los chaque\u00f1os, con la mirada puesta en ajustar los controles y &#8220;la persuasi\u00f3n&#8221;. Adem\u00e1s revel\u00f3 que trabajar\u00e1n en la aplicaci\u00f3n de alarmas sanitarias en los celulares para blindar las restricciones, en encuestas diarias para casos sintom\u00e1ticos y en una aplicaci\u00f3n para el seguimiento estricto de personas que integran los grupos de riesgo.<\/p>\n<p>Por su parte, desde tierra tucumana, el mandatario justicialista Juan Manzur hizo hincapi\u00e9 en las \u00faltimas horas en las dificultades y riesgos adicionales que enfrenta su distrito, cabeza de aquel ranking nacional de movilidad. \u201cTucum\u00e1n tiene algunas caracter\u00edsticas especiales que hacen que no podamos flexibilizar las cuarentena: es la provincia m\u00e1s peque\u00f1a y la m\u00e1s densamente poblada\u201d, advirti\u00f3.<\/p>\n<p>Por su parte, desde el extremo sur, el mandatario fueguino, Gustavo Melella, no ocult\u00f3 su enojo tras las im\u00e1genes que se viralizaron sobre el intenso movimiento que mostr\u00f3 R\u00edo Grande durante Semana Santa. \u201cFue vergonzoso, una joda, aun con los controles policiales\u201d, cuestion\u00f3, y advirti\u00f3 sin medias tintas: \u201cSomos de carne y hueso, y vamos a terminar en una bolsa negra igual que en el resto (de los pa\u00edses) si no nos preocupamos\u201d.<\/p>\n<p>El pedido de no abandonar el cumplimiento de la cuarentena brota incluso desde distritos que no cuentan a\u00fan con casos confirmados de Covid-19. \u201cNosotros tenemos que cumplir; no podemos hacer lo que se vio el d\u00eda del ayer (por el lunes) porque todos fuimos testigos de lo que pas\u00f3; llamo a la reflexi\u00f3n de cada uno de nosotros, no vale la pena poner en riesgo todo lo que hemos conseguido hasta el momento\u201d, areng\u00f3 el ministro de Gobierno del formose\u00f1o Gildo Insfr\u00e1n, Jorge Gonz\u00e1lez. El lunes, la Polic\u00eda control\u00f3 el movimiento de 13.860 personas en la v\u00eda p\u00fablica, de las cuales 344 fueron judicializadas por incumplir las restricciones de circulaci\u00f3n.<\/p>\n","protected":false},"excerpt":{"rendered":"<p>En capitales creci\u00f3 el movimiento social, ante presi\u00f3n por la par\u00e1lisis econ\u00f3mica, la flexibilizaci\u00f3n en algunos sectores y la puerta abierta a evaluar m\u00e1s permisos. En Chaco, Jorge Capitanich acord\u00f3 con empresas de telefon\u00eda celular la recepci\u00f3n de datos para hacer monitoreo diario de ubicaci\u00f3n de la ciudadan\u00eda y ajustar controles &nbsp; &nbsp; Las postales de relajamiento de la cuarentena social que brotan en los \u00faltimos d\u00edas desde distintas capitales provinciales y otras ciudades importantes generan preocupaci\u00f3n en un creciente n\u00famero de gobernadores, que desde la trinchera del combate al&#8230;<\/p>\n","protected":false},"author":3,"featured_media":56970,"comment_status":"closed","ping_status":"closed","sticky":false,"template":"","format":"standard","meta":[],"categories":[9],"tags":[],"_links":{"self":[{"href":"https:\/\/www.actualidadadiario.com\/index.php\/wp-json\/wp\/v2\/posts\/60281"}],"collection":[{"href":"https:\/\/www.actualidadadiario.com\/index.php\/wp-json\/wp\/v2\/posts"}],"about":[{"href":"https:\/\/www.actualidadadiario.com\/index.php\/wp-json\/wp\/v2\/types\/post"}],"author":[{"embeddable":true,"href":"https:\/\/www.actualidadadiario.com\/index.php\/wp-json\/wp\/v2\/users\/3"}],"replies":[{"embeddable":true,"href":"https:\/\/www.actualidadadiario.com\/index.php\/wp-json\/wp\/v2\/comments?post=60281"}],"version-history":[{"count":1,"href":"https:\/\/www.actualidadadiario.com\/index.php\/wp-json\/wp\/v2\/posts\/60281\/revisions"}],"predecessor-version":[{"id":60282,"href":"https:\/\/www.actualidadadiario.com\/index.php\/wp-json\/wp\/v2\/posts\/60281\/revisions\/60282"}],"wp:featuredmedia":[{"embeddable":true,"href":"https:\/\/www.actualidadadiario.com\/index.php\/wp-json\/wp\/v2\/media\/56970"}],"wp:attachment":[{"href":"https:\/\/www.actualidadadiario.com\/index.php\/wp-json\/wp\/v2\/media?parent=60281"}],"wp:term":[{"taxonomy":"category","embeddable":true,"href":"https:\/\/www.actualidadadiario.com\/index.php\/wp-json\/wp\/v2\/categories?post=60281"},{"taxonomy":"post_tag","embeddable":true,"href":"https:\/\/www.actualidadadiario.com\/index.php\/wp-json\/wp\/v2\/tags?post=60281"}],"curies":[{"name":"wp","href":"https:\/\/api.w.org\/{rel}","templated":true}]}}