{"id":60278,"date":"2020-04-15T13:02:58","date_gmt":"2020-04-15T16:02:58","guid":{"rendered":"https:\/\/www.actualidadadiario.com\/?p=60278"},"modified":"2020-04-15T13:02:58","modified_gmt":"2020-04-15T16:02:58","slug":"impulsan-la-obligatoriedad-del-uso-de-barbijo-para-viajar-y-entrar-a-comercios-en-entre-rios","status":"publish","type":"post","link":"https:\/\/www.actualidadadiario.com\/index.php\/2020\/04\/15\/impulsan-la-obligatoriedad-del-uso-de-barbijo-para-viajar-y-entrar-a-comercios-en-entre-rios\/","title":{"rendered":"Impulsan la obligatoriedad del uso de barbijo para viajar y entrar a comercios en Entre R\u00edos"},"content":{"rendered":"<p style=\"text-align: center;\"><em><strong>Desde el bloque de diputados de Juntos por el Cambio presentaron un proyecto de resoluci\u00f3n solicitando al Poder Ejecutivo provincial que considere establecer el uso obligatorio de barbijos para viajar en transporte p\u00fablico, ingresar o permanecer en locales comerciales y en dependencias de atenci\u00f3n al p\u00fablico<\/strong><\/em><\/p>\n<p>&nbsp;<\/p>\n<p>&nbsp;<\/p>\n<p>El proyecto de ley apunta a unificar medidas en todo el territorio de la provincia. Solicita que se arbitren los medios para establecer el uso obligatorio de elementos de protecci\u00f3n que cubran nariz, boca y ment\u00f3n para ingresar o permanecer en locales comerciales, en dependencias de atenci\u00f3n al p\u00fablico y en medios de transporte p\u00fablico en el \u00e1mbito de la provincia.<\/p>\n<p>La propuesta sugiere que el elemento sea de confecci\u00f3n dom\u00e9stica, y a su vez, indica que se proh\u00edba la comercializaci\u00f3n de barbijos N95 (quir\u00fargicos) a cualquier persona que no acredite ser profesional o personal del servicio de salud y a quienes no tengan por objeto la prestaci\u00f3n de ese servicio y justifiquen requerirlo, para evitar faltantes de este insumo donde m\u00e1s se lo necesita.<\/p>\n<p>&nbsp;<\/p>\n<p><strong>Cuidar a los entrerrianos<\/strong><\/p>\n<p>El autor del proyecto es el diputado Manuel Troncoso de Juntos por el Cambio. \u201cEl proyecto, adem\u00e1s de cuidar nuestra salud, busca cuidar tambi\u00e9n tanto los insumos requeridos para uso profesional, como la econom\u00eda de los entrerrianos\u201d, indic\u00f3 el legislador y agreg\u00f3: \u201cEs necesario tomar las medidas necesarias para evitar la propagaci\u00f3n del virus. Esta es una de ellas, recomendada por profesionales de la salud. Ellos indican que dos de cada tres personas que tienen coronavirus no presentan s\u00edntomas, pero igual pueden contagiar. Para evitarlo, todos tenemos que actuar como si tuvi\u00e9semos el virus, por eso es que impulsamos esta propuesta\u201d, dijo Troncoso.<\/p>\n<p>&nbsp;<\/p>\n<p><strong>Fundamentos<\/strong><\/p>\n<p>Si bien la Organizaci\u00f3n Mundial de la Salud (OMS) desaconsej\u00f3 en un primer momento el uso generalizado de barbijos, en un comunicado efectuado el pasado 6 de abril se ha expresado parcialmente a favor. El informe se\u00f1ala que el uso comunitario de barbijos o elementos de protecci\u00f3n es beneficioso ya que acarrea una reducci\u00f3n de la exposici\u00f3n de personas en el periodo asintom\u00e1tico, fundamentaron en el texto que buscar\u00e1 ser ley en la pr\u00f3xima sesi\u00f3n.<\/p>\n","protected":false},"excerpt":{"rendered":"<p>Desde el bloque de diputados de Juntos por el Cambio presentaron un proyecto de resoluci\u00f3n solicitando al Poder Ejecutivo provincial que considere establecer el uso obligatorio de barbijos para viajar en transporte p\u00fablico, ingresar o permanecer en locales comerciales y en dependencias de atenci\u00f3n al p\u00fablico &nbsp; &nbsp; El proyecto de ley apunta a unificar medidas en todo el territorio de la provincia. Solicita que se arbitren los medios para establecer el uso obligatorio de elementos de protecci\u00f3n que cubran nariz, boca y ment\u00f3n para ingresar o permanecer en locales&#8230;<\/p>\n","protected":false},"author":3,"featured_media":60279,"comment_status":"closed","ping_status":"closed","sticky":false,"template":"","format":"standard","meta":[],"categories":[15],"tags":[],"_links":{"self":[{"href":"https:\/\/www.actualidadadiario.com\/index.php\/wp-json\/wp\/v2\/posts\/60278"}],"collection":[{"href":"https:\/\/www.actualidadadiario.com\/index.php\/wp-json\/wp\/v2\/posts"}],"about":[{"href":"https:\/\/www.actualidadadiario.com\/index.php\/wp-json\/wp\/v2\/types\/post"}],"author":[{"embeddable":true,"href":"https:\/\/www.actualidadadiario.com\/index.php\/wp-json\/wp\/v2\/users\/3"}],"replies":[{"embeddable":true,"href":"https:\/\/www.actualidadadiario.com\/index.php\/wp-json\/wp\/v2\/comments?post=60278"}],"version-history":[{"count":1,"href":"https:\/\/www.actualidadadiario.com\/index.php\/wp-json\/wp\/v2\/posts\/60278\/revisions"}],"predecessor-version":[{"id":60280,"href":"https:\/\/www.actualidadadiario.com\/index.php\/wp-json\/wp\/v2\/posts\/60278\/revisions\/60280"}],"wp:featuredmedia":[{"embeddable":true,"href":"https:\/\/www.actualidadadiario.com\/index.php\/wp-json\/wp\/v2\/media\/60279"}],"wp:attachment":[{"href":"https:\/\/www.actualidadadiario.com\/index.php\/wp-json\/wp\/v2\/media?parent=60278"}],"wp:term":[{"taxonomy":"category","embeddable":true,"href":"https:\/\/www.actualidadadiario.com\/index.php\/wp-json\/wp\/v2\/categories?post=60278"},{"taxonomy":"post_tag","embeddable":true,"href":"https:\/\/www.actualidadadiario.com\/index.php\/wp-json\/wp\/v2\/tags?post=60278"}],"curies":[{"name":"wp","href":"https:\/\/api.w.org\/{rel}","templated":true}]}}