{"id":60272,"date":"2020-04-15T13:01:31","date_gmt":"2020-04-15T16:01:31","guid":{"rendered":"https:\/\/www.actualidadadiario.com\/?p=60272"},"modified":"2020-04-15T13:01:31","modified_gmt":"2020-04-15T16:01:31","slug":"jaroslavsky-destaco-el-accionar-del-gobierno-de-entre-rios-ante-el-covid-19","status":"publish","type":"post","link":"https:\/\/www.actualidadadiario.com\/index.php\/2020\/04\/15\/jaroslavsky-destaco-el-accionar-del-gobierno-de-entre-rios-ante-el-covid-19\/","title":{"rendered":"Jaroslavsky destac\u00f3 el accionar del Gobierno de Entre R\u00edos ante el Covid-19"},"content":{"rendered":"<p style=\"text-align: center;\"><em><strong>La diputada provincial de Cambiemos-UCR, Gracia Jaroslavsky, expres\u00f3: \u201cLa Provincia lo ha hecho muy bien y en forma muy efectiva\u201d al evaluar las tareas preventivas de la gesti\u00f3n del Ejecutivo provincial, y agreg\u00f3: \u201cPrueba de ello es que solo tenemos 21 casos y varios departamentos sin pacientes registrados\u201d<\/strong><\/em><\/p>\n<p>&nbsp;<\/p>\n<p>&nbsp;<\/p>\n<p>Jaroslavky, en una entrevista realizada en el programa \u201cQui\u00e9n dice Qu\u00e9\u201d (Canal Once), sostuvo: \u201cEsto hace que la curva se aplane y evitemos que se colapse el sistema sanitario, que no est\u00e1 preparado para recibir una avalancha de infectados\u201d.<\/p>\n<p>En otro tramo de la nota la Diputada detall\u00f3: \u201cHe hablado con las fuerzas de seguridad y est\u00e1n realmente trabajando, controlando, parando a la gente que entra a las ciudades, de manera que se est\u00e1 haciendo -dentro de las posibilidades que tenemos-, lo mejor posible para sostener en el tiempo esta curva aplanada\u201d.<\/p>\n<p>\u201cTiene que quedar claro -argument\u00f3 Jaroslavsky-, la gente tiene que entender que para mantener esta curva aplanada la \u00fanica opci\u00f3n eficiente es quedarnos en casa, no hay otra forma\u201d.<\/p>\n<p>Consultada sobre la situaci\u00f3n econ\u00f3mica de Victoria, la legisladora explic\u00f3: \u201cLa econom\u00eda es la primera afectada ante esta dificultad. Estamos atravesando una crisis que no tiene precedentes, de manera que no sabemos cu\u00e1l va a ser el fondo de esto\u201d.<\/p>\n<p>\u201cS\u00ed hago una sugerencia -no me atrever\u00eda a criticar la emergencia- tanto al Gobierno provincial como al Nacional: hay que pensar en el d\u00eda despu\u00e9s, lo que a mi juicio implica crear consejos econ\u00f3micos, sociales y pol\u00edticos donde gente id\u00f3nea piense estrat\u00e9gicamente como vamos a reactivar la econom\u00eda que se viene luego de esta pandemia\u201d.<\/p>\n","protected":false},"excerpt":{"rendered":"<p>La diputada provincial de Cambiemos-UCR, Gracia Jaroslavsky, expres\u00f3: \u201cLa Provincia lo ha hecho muy bien y en forma muy efectiva\u201d al evaluar las tareas preventivas de la gesti\u00f3n del Ejecutivo provincial, y agreg\u00f3: \u201cPrueba de ello es que solo tenemos 21 casos y varios departamentos sin pacientes registrados\u201d &nbsp; &nbsp; Jaroslavky, en una entrevista realizada en el programa \u201cQui\u00e9n dice Qu\u00e9\u201d (Canal Once), sostuvo: \u201cEsto hace que la curva se aplane y evitemos que se colapse el sistema sanitario, que no est\u00e1 preparado para recibir una avalancha de infectados\u201d. En&#8230;<\/p>\n","protected":false},"author":3,"featured_media":60273,"comment_status":"closed","ping_status":"closed","sticky":false,"template":"","format":"standard","meta":[],"categories":[15],"tags":[],"_links":{"self":[{"href":"https:\/\/www.actualidadadiario.com\/index.php\/wp-json\/wp\/v2\/posts\/60272"}],"collection":[{"href":"https:\/\/www.actualidadadiario.com\/index.php\/wp-json\/wp\/v2\/posts"}],"about":[{"href":"https:\/\/www.actualidadadiario.com\/index.php\/wp-json\/wp\/v2\/types\/post"}],"author":[{"embeddable":true,"href":"https:\/\/www.actualidadadiario.com\/index.php\/wp-json\/wp\/v2\/users\/3"}],"replies":[{"embeddable":true,"href":"https:\/\/www.actualidadadiario.com\/index.php\/wp-json\/wp\/v2\/comments?post=60272"}],"version-history":[{"count":1,"href":"https:\/\/www.actualidadadiario.com\/index.php\/wp-json\/wp\/v2\/posts\/60272\/revisions"}],"predecessor-version":[{"id":60274,"href":"https:\/\/www.actualidadadiario.com\/index.php\/wp-json\/wp\/v2\/posts\/60272\/revisions\/60274"}],"wp:featuredmedia":[{"embeddable":true,"href":"https:\/\/www.actualidadadiario.com\/index.php\/wp-json\/wp\/v2\/media\/60273"}],"wp:attachment":[{"href":"https:\/\/www.actualidadadiario.com\/index.php\/wp-json\/wp\/v2\/media?parent=60272"}],"wp:term":[{"taxonomy":"category","embeddable":true,"href":"https:\/\/www.actualidadadiario.com\/index.php\/wp-json\/wp\/v2\/categories?post=60272"},{"taxonomy":"post_tag","embeddable":true,"href":"https:\/\/www.actualidadadiario.com\/index.php\/wp-json\/wp\/v2\/tags?post=60272"}],"curies":[{"name":"wp","href":"https:\/\/api.w.org\/{rel}","templated":true}]}}