{"id":60269,"date":"2020-04-15T13:00:48","date_gmt":"2020-04-15T16:00:48","guid":{"rendered":"https:\/\/www.actualidadadiario.com\/?p=60269"},"modified":"2020-04-15T13:00:48","modified_gmt":"2020-04-15T16:00:48","slug":"arrancan-con-modalidad-virtual-las-sesiones-del-senado-juvenil","status":"publish","type":"post","link":"https:\/\/www.actualidadadiario.com\/index.php\/2020\/04\/15\/arrancan-con-modalidad-virtual-las-sesiones-del-senado-juvenil\/","title":{"rendered":"Arrancan con modalidad virtual las sesiones del Senado Juvenil"},"content":{"rendered":"<p style=\"text-align: center;\"><em><strong>Este mi\u00e9rcoles se lanzar\u00e1 oficialmente la actividad del programa de la Vicegobernaci\u00f3n. Mientras, se busca reglamentar la modalidad de videoconferencia para reactivar la actividad de la C\u00e1mara<\/strong><\/em><\/p>\n<p>&nbsp;<\/p>\n<p>&nbsp;<\/p>\n<p>El Senado de la provincia busca c\u00f3mo retomar la actividad legislativa, con la modalidad virtual o semipresencial. A las dudas planteadas en la C\u00e1mara baja, respecto de las posibilidades de que se habilite la circulaci\u00f3n de los legisladores para reunirse en Paran\u00e1, se agrega en el Senado que varios de sus integrantes son mayores de 65 a\u00f1os y constituyen poblaci\u00f3n de riesgo en el marco de la emergencia sanitaria por Covid-2019.<\/p>\n<p>Por lo pronto, lo previsto es contar con las herramientas para que sea posible el lanzamiento formal del programa del Senado Juvenil, con la participaci\u00f3n por videoconferencia de los senadores, encuentro virtual que contar\u00e1 con la participaci\u00f3n de la presidenta del cuerpo, Laura Stratta, y tambi\u00e9n el gobernador. El acto se transmitir\u00e1 desde las 10 por streaming, por el canal de youtube del Senado.<\/p>\n<p>Para plasmar este lanzamiento del programa, la vicegobernadora Laura Stratta mantuvo un encuentro de trabajo con Mart\u00edn M\u00fcller, presidente del Consejo General de Educaci\u00f3n (CGE); Lucrecia Escand\u00f3n, secretar\u00eda de Modernizaci\u00f3n del Estado, Ciencia y Tecnolog\u00eda; y funcionarios de la C\u00e1mara, \u00e1mbito en el que se defini\u00f3 una agenda de acci\u00f3n conjunta que permitir\u00e1 iniciar el programa.<\/p>\n<p>La expectativa es que para la instancia presencial del programa, que habitualmente se desarrolla hacia el fin del ciclo lectivo, puedan garantizarse las condiciones para el encuentro en el recinto de los estudiantes que han sido preseleccionados con sus proyectos.<\/p>\n<p>\u201cCreemos que en este contexto dif\u00edcil, los j\u00f3venes tienen mucho para aportar desde su compromiso y creatividad, a la transformaci\u00f3n de sus comunidades\u201d, expres\u00f3 la presidenta del Senado que abog\u00f3 por fortalecer \u201cun Estado presente, activo y din\u00e1mico que prioriza la vida y la salud\u201d.<\/p>\n<p>&nbsp;<\/p>\n<p><strong>Actividad legislativa<\/strong><\/p>\n<p>Con relaci\u00f3n a la tarea legislativa, la Vicegobernadora hizo saber que se trabaja en la normativa que haga posible las sesiones por videoconferencia o con instancias semipresenciales.<\/p>\n<p>\u201cNecesitamos una norma que lo avale. Tenemos legisladores en grupos de riesgo y vamos a tener que ver c\u00f3mo logramos desarrollar la actividad con las nuevas tecnolog\u00edas\u201d, manifest\u00f3 Stratta en el programa Qui\u00e9n dice que (Canal 11).<\/p>\n<p>\u201cEsto viene a remover tradiciones, necesitamos modificar instrumentos legales, alcanzar a acuerdos con los bloques legislativos\u201d, dijo la Vicegobernadora y mencion\u00f3 que a tal fin se trabaja en coordinaci\u00f3n con la Secretar\u00eda de Modernizaci\u00f3n del Estado para \u201cpoder avanzar con la mayor calidad institucional que se pueda en estos contextos\u201d dijo y marc\u00f3 la necesidad de avanzar con estas herramientas por cuanto es dif\u00edcil predecir c\u00f3mo deber\u00e1 continuar la din\u00e1mica social luego de la cuarentena y mientras la pandemia sea preocupaci\u00f3n en la Argentina y el mundo.<\/p>\n<p>En principio, estaba planteada para el jueves una reuni\u00f3n de la Vicegobernadora con los presidentes de bloque, Armando Gay y Francisco Morchio para convenir modalidades de trabajo.<\/p>\n","protected":false},"excerpt":{"rendered":"<p>Este mi\u00e9rcoles se lanzar\u00e1 oficialmente la actividad del programa de la Vicegobernaci\u00f3n. Mientras, se busca reglamentar la modalidad de videoconferencia para reactivar la actividad de la C\u00e1mara &nbsp; &nbsp; El Senado de la provincia busca c\u00f3mo retomar la actividad legislativa, con la modalidad virtual o semipresencial. A las dudas planteadas en la C\u00e1mara baja, respecto de las posibilidades de que se habilite la circulaci\u00f3n de los legisladores para reunirse en Paran\u00e1, se agrega en el Senado que varios de sus integrantes son mayores de 65 a\u00f1os y constituyen poblaci\u00f3n de&#8230;<\/p>\n","protected":false},"author":3,"featured_media":60270,"comment_status":"closed","ping_status":"closed","sticky":false,"template":"","format":"standard","meta":[],"categories":[15],"tags":[],"_links":{"self":[{"href":"https:\/\/www.actualidadadiario.com\/index.php\/wp-json\/wp\/v2\/posts\/60269"}],"collection":[{"href":"https:\/\/www.actualidadadiario.com\/index.php\/wp-json\/wp\/v2\/posts"}],"about":[{"href":"https:\/\/www.actualidadadiario.com\/index.php\/wp-json\/wp\/v2\/types\/post"}],"author":[{"embeddable":true,"href":"https:\/\/www.actualidadadiario.com\/index.php\/wp-json\/wp\/v2\/users\/3"}],"replies":[{"embeddable":true,"href":"https:\/\/www.actualidadadiario.com\/index.php\/wp-json\/wp\/v2\/comments?post=60269"}],"version-history":[{"count":1,"href":"https:\/\/www.actualidadadiario.com\/index.php\/wp-json\/wp\/v2\/posts\/60269\/revisions"}],"predecessor-version":[{"id":60271,"href":"https:\/\/www.actualidadadiario.com\/index.php\/wp-json\/wp\/v2\/posts\/60269\/revisions\/60271"}],"wp:featuredmedia":[{"embeddable":true,"href":"https:\/\/www.actualidadadiario.com\/index.php\/wp-json\/wp\/v2\/media\/60270"}],"wp:attachment":[{"href":"https:\/\/www.actualidadadiario.com\/index.php\/wp-json\/wp\/v2\/media?parent=60269"}],"wp:term":[{"taxonomy":"category","embeddable":true,"href":"https:\/\/www.actualidadadiario.com\/index.php\/wp-json\/wp\/v2\/categories?post=60269"},{"taxonomy":"post_tag","embeddable":true,"href":"https:\/\/www.actualidadadiario.com\/index.php\/wp-json\/wp\/v2\/tags?post=60269"}],"curies":[{"name":"wp","href":"https:\/\/api.w.org\/{rel}","templated":true}]}}