{"id":60267,"date":"2020-04-15T13:00:05","date_gmt":"2020-04-15T16:00:05","guid":{"rendered":"https:\/\/www.actualidadadiario.com\/?p=60267"},"modified":"2020-04-15T13:00:05","modified_gmt":"2020-04-15T16:00:05","slug":"el-senado-adhiere-al-decreto-del-gobernador-para-el-nuevo-periodo-de-aislamiento-social","status":"publish","type":"post","link":"https:\/\/www.actualidadadiario.com\/index.php\/2020\/04\/15\/el-senado-adhiere-al-decreto-del-gobernador-para-el-nuevo-periodo-de-aislamiento-social\/","title":{"rendered":"El Senado adhiere al decreto del gobernador para el nuevo per\u00edodo de aislamiento social"},"content":{"rendered":"<p style=\"text-align: center;\"><em><strong>La C\u00e1mara de Senadores adhiri\u00f3 por decreto a las disposiciones del gobernador Gustavo Bordet que garantizan el mantenimiento de los servicios en la Administraci\u00f3n P\u00fablica Provincial durante la nueva etapa del aislamiento social, preventivo y obligatorio, en el marco de la emergencia sanitaria<\/strong><\/em><\/p>\n<p>&nbsp;<\/p>\n<p>&nbsp;<\/p>\n<p>La presidenta del Senado provincial, Laura Stratta, acompa\u00f1a las medidas tomadas por el mandatario entrerriano, quien dispuso el mantenimiento de los servicios en la Administraci\u00f3n P\u00fablica Provincial de acuerdo a las recomendaciones del Comit\u00e9 Organizaci\u00f3n de Emergencia de Salud.<\/p>\n<p>Adem\u00e1s, se declara inh\u00e1bil a los fines del procedimiento administrativo al per\u00edodo comprendido entre el 13 y el 26 de abril de 2020, excepto los referidos a los procedimientos de selecci\u00f3n del co-contratante estatal bajo la Ley de Contabilidad y Obras P\u00fablicas, los concernientes a las operaciones de cr\u00e9dito p\u00fablico y a los que expresamente se les habilite d\u00eda y hora, a propuesta de las distintas \u00e1reas y ministros.<\/p>\n<p>El decreto faculta a los ministros, secretarios de Estado y al secretario General de la Gobernaci\u00f3n, mediante el dictado de resoluciones, a establecer las medidas necesarias a fin de garantizar el funcionamiento de sus dependencias en el per\u00edodo referido, pudiendo disponer en sus \u00e1mbitos las modalidades bajo las cuales prestar\u00e1n los servicios los agentes responsables, as\u00ed como los lineamientos a seguir para la atenci\u00f3n de situaciones extraordinarias y\/o de urgencia que se susciten, debiendo garantizarse la prestaci\u00f3n de servicios en las Direcciones de Asuntos Jur\u00eddicos, Servicios Contables y Despachos de cada jurisdicci\u00f3n.<\/p>\n<p>Asimismo, la norma regula que el personal en guardia pasiva deber\u00e1 estar disponible en caso de ser requerido por la superioridad. A trav\u00e9s de la norma, se dispensa adem\u00e1s, la asistencia a sus lugares de trabajo a las personas de 60 a\u00f1os o mayores, o con factores de riesgo, salvo las declaradas personas esencial o afectadas a actividades cr\u00edticas o de prestaci\u00f3n de servicios indispensables. Esta dispensa se computar\u00e1 como tiempo de servicio, sin que ello afecte la percepci\u00f3n \u00edntegra de haberes, incluyendo al personal que se encuentre en guardia pasiva.<\/p>\n","protected":false},"excerpt":{"rendered":"<p>La C\u00e1mara de Senadores adhiri\u00f3 por decreto a las disposiciones del gobernador Gustavo Bordet que garantizan el mantenimiento de los servicios en la Administraci\u00f3n P\u00fablica Provincial durante la nueva etapa del aislamiento social, preventivo y obligatorio, en el marco de la emergencia sanitaria &nbsp; &nbsp; La presidenta del Senado provincial, Laura Stratta, acompa\u00f1a las medidas tomadas por el mandatario entrerriano, quien dispuso el mantenimiento de los servicios en la Administraci\u00f3n P\u00fablica Provincial de acuerdo a las recomendaciones del Comit\u00e9 Organizaci\u00f3n de Emergencia de Salud. Adem\u00e1s, se declara inh\u00e1bil a los&#8230;<\/p>\n","protected":false},"author":3,"featured_media":57908,"comment_status":"closed","ping_status":"closed","sticky":false,"template":"","format":"standard","meta":[],"categories":[15],"tags":[],"_links":{"self":[{"href":"https:\/\/www.actualidadadiario.com\/index.php\/wp-json\/wp\/v2\/posts\/60267"}],"collection":[{"href":"https:\/\/www.actualidadadiario.com\/index.php\/wp-json\/wp\/v2\/posts"}],"about":[{"href":"https:\/\/www.actualidadadiario.com\/index.php\/wp-json\/wp\/v2\/types\/post"}],"author":[{"embeddable":true,"href":"https:\/\/www.actualidadadiario.com\/index.php\/wp-json\/wp\/v2\/users\/3"}],"replies":[{"embeddable":true,"href":"https:\/\/www.actualidadadiario.com\/index.php\/wp-json\/wp\/v2\/comments?post=60267"}],"version-history":[{"count":1,"href":"https:\/\/www.actualidadadiario.com\/index.php\/wp-json\/wp\/v2\/posts\/60267\/revisions"}],"predecessor-version":[{"id":60268,"href":"https:\/\/www.actualidadadiario.com\/index.php\/wp-json\/wp\/v2\/posts\/60267\/revisions\/60268"}],"wp:featuredmedia":[{"embeddable":true,"href":"https:\/\/www.actualidadadiario.com\/index.php\/wp-json\/wp\/v2\/media\/57908"}],"wp:attachment":[{"href":"https:\/\/www.actualidadadiario.com\/index.php\/wp-json\/wp\/v2\/media?parent=60267"}],"wp:term":[{"taxonomy":"category","embeddable":true,"href":"https:\/\/www.actualidadadiario.com\/index.php\/wp-json\/wp\/v2\/categories?post=60267"},{"taxonomy":"post_tag","embeddable":true,"href":"https:\/\/www.actualidadadiario.com\/index.php\/wp-json\/wp\/v2\/tags?post=60267"}],"curies":[{"name":"wp","href":"https:\/\/api.w.org\/{rel}","templated":true}]}}