{"id":60258,"date":"2020-04-15T12:57:18","date_gmt":"2020-04-15T15:57:18","guid":{"rendered":"https:\/\/www.actualidadadiario.com\/?p=60258"},"modified":"2020-04-15T12:57:18","modified_gmt":"2020-04-15T15:57:18","slug":"este-martes-no-se-registraron-nuevos-casos-de-coronavirus-en-entre-rios","status":"publish","type":"post","link":"https:\/\/www.actualidadadiario.com\/index.php\/2020\/04\/15\/este-martes-no-se-registraron-nuevos-casos-de-coronavirus-en-entre-rios\/","title":{"rendered":"Este martes no se registraron nuevos casos de coronavirus en Entre R\u00edos"},"content":{"rendered":"<p style=\"text-align: center;\"><em><strong>El \u00e1rea de Vigilancia Epidemiol\u00f3gica del Ministerio de Salud, confirm\u00f3 que este martes no se registraron nuevos casos de coronavirus en Entre R\u00edos<\/strong><\/em><\/p>\n<p>&nbsp;<\/p>\n<p>&nbsp;<\/p>\n<p>De este modo, la provincia se mantiene en 21 casos confirmados; mientras que cinco permanecen en estudio, ya se han descartado 326 casos sospechosos y en total se han analizado 352 casos.<\/p>\n<p>Finalmente, se inform\u00f3 que ya fueron dados de alta 10 pacientes y uno continua en cuidados intensivos.<\/p>\n","protected":false},"excerpt":{"rendered":"<p>El \u00e1rea de Vigilancia Epidemiol\u00f3gica del Ministerio de Salud, confirm\u00f3 que este martes no se registraron nuevos casos de coronavirus en Entre R\u00edos &nbsp; &nbsp; De este modo, la provincia se mantiene en 21 casos confirmados; mientras que cinco permanecen en estudio, ya se han descartado 326 casos sospechosos y en total se han analizado 352 casos. Finalmente, se inform\u00f3 que ya fueron dados de alta 10 pacientes y uno continua en cuidados intensivos.<\/p>\n","protected":false},"author":3,"featured_media":60259,"comment_status":"closed","ping_status":"closed","sticky":false,"template":"","format":"standard","meta":[],"categories":[9],"tags":[],"_links":{"self":[{"href":"https:\/\/www.actualidadadiario.com\/index.php\/wp-json\/wp\/v2\/posts\/60258"}],"collection":[{"href":"https:\/\/www.actualidadadiario.com\/index.php\/wp-json\/wp\/v2\/posts"}],"about":[{"href":"https:\/\/www.actualidadadiario.com\/index.php\/wp-json\/wp\/v2\/types\/post"}],"author":[{"embeddable":true,"href":"https:\/\/www.actualidadadiario.com\/index.php\/wp-json\/wp\/v2\/users\/3"}],"replies":[{"embeddable":true,"href":"https:\/\/www.actualidadadiario.com\/index.php\/wp-json\/wp\/v2\/comments?post=60258"}],"version-history":[{"count":1,"href":"https:\/\/www.actualidadadiario.com\/index.php\/wp-json\/wp\/v2\/posts\/60258\/revisions"}],"predecessor-version":[{"id":60260,"href":"https:\/\/www.actualidadadiario.com\/index.php\/wp-json\/wp\/v2\/posts\/60258\/revisions\/60260"}],"wp:featuredmedia":[{"embeddable":true,"href":"https:\/\/www.actualidadadiario.com\/index.php\/wp-json\/wp\/v2\/media\/60259"}],"wp:attachment":[{"href":"https:\/\/www.actualidadadiario.com\/index.php\/wp-json\/wp\/v2\/media?parent=60258"}],"wp:term":[{"taxonomy":"category","embeddable":true,"href":"https:\/\/www.actualidadadiario.com\/index.php\/wp-json\/wp\/v2\/categories?post=60258"},{"taxonomy":"post_tag","embeddable":true,"href":"https:\/\/www.actualidadadiario.com\/index.php\/wp-json\/wp\/v2\/tags?post=60258"}],"curies":[{"name":"wp","href":"https:\/\/api.w.org\/{rel}","templated":true}]}}