{"id":60252,"date":"2020-04-14T17:59:15","date_gmt":"2020-04-14T20:59:15","guid":{"rendered":"https:\/\/www.actualidadadiario.com\/?p=60252"},"modified":"2020-04-14T17:59:15","modified_gmt":"2020-04-14T20:59:15","slug":"barack-obama-anuncio-su-respaldo-a-joe-biden","status":"publish","type":"post","link":"https:\/\/www.actualidadadiario.com\/index.php\/2020\/04\/14\/barack-obama-anuncio-su-respaldo-a-joe-biden\/","title":{"rendered":"Barack Obama anunci\u00f3 su respaldo a Joe Biden"},"content":{"rendered":"<p style=\"text-align: center;\"><em><strong>El expresidente de Estados Unidos public\u00f3 un video de apoyo a quien fue su vice. El Partido Dem\u00f3crata espera con ello relanzar la candidatura<\/strong><\/em><\/p>\n<p>&nbsp;<\/p>\n<p>&nbsp;<\/p>\n<p>El expresidente de Estados Unidos Barack Obama anunci\u00f3 este martes, a trav\u00e9s de un video, su respaldo a la candidatura de joe Biden para los comicios presidenciales de noviembre, un apoyo que se descontaba pero que ahora cobra un nuevo significado ya que permitir\u00e1 al Partido Dem\u00f3crata relanzar su campa\u00f1a en momentos en que qued\u00f3 opacada por la crisis del coronavirus.<\/p>\n<p>&#8220;Estoy orgulloso de respaldar a mi amigo Joe Biden para presidente de los Estados Unidos. Let&#8217;s go!&#8221;, tuite\u00f3.<\/p>\n<p>&#8220;Para todos los que amamos este pa\u00eds y estamos dispuestos a hacer nuestra parte para asegurarnos de que cumpla con sus ideales m\u00e1s altos, ahora es el momento de luchar por lo que creemos. Unite a nosotros. Y te ver\u00e9 en la campa\u00f1a tan pronto como pueda!&#8221;, agreg\u00f3, un mensaje que demuestra que el exmandatario participar\u00e1 activamente de la campa\u00f1a de aqu\u00ed a noviembre.<\/p>\n<p>En un mensaje que inicia con palabras para las personas afectadas por coronavirus en Estados Unidos, para aquellos a quienes perdieron a alg\u00fan familiar y que reconoce la labor del personal sanitario, Barack Obama consagra su respaldo a Joe Biden.<\/p>\n<p>Utiliza, adem\u00e1s, un tema por dem\u00e1s sensible: el sanitario, en momentos en que la campa\u00f1a del candidato dem\u00f3crata se basa en promesas de recuperar los planes de salud inclusivos de la administraci\u00f3n Obama que fueron paralizados por el actual gobierno de Donald Trump.<\/p>\n<p>Barack Obama y Joe Biden son amigos cercanos de sus dos mandatos en la Casa Blanca, cuando el ahora candidato presidencial fue vicepresidente.<\/p>\n<p>El aspirante dem\u00f3crata, de hecho, ha utilizado durante todas las elecciones primarias su relaci\u00f3n con el primer presidente negro de Estados Unidos y enmarc\u00f3 su discurso como una extensi\u00f3n de la presidencia de Obama.<\/p>\n<p>Biden, cuyo camino a la nominaci\u00f3n del Partido Dem\u00f3crata qued\u00f3 allanado tras la retirada del progresista Bernie Sanders -quien manifest\u00f3 el lunes que apoyar\u00e1 tambi\u00e9n su candidatura- vio apagarse su campa\u00f1a como consecuencia de la cuarentena obligatoria en Estados Unidos para mitigar los efectos de la pandemia del coronavirus.<\/p>\n<p>El respaldo de Barack Obama le dar\u00e1 al candidato presidencial dem\u00f3crata un impulso del mayor recaudador de fondos del partido y una de sus figuras m\u00e1s populares, se\u00f1al\u00f3 AP.<\/p>\n<p>En las \u00faltimas semanas, Joe Biden hab\u00eda dicho en varias ocasiones que ven\u00eda discutiendo con Obama los posibles compa\u00f1eros de f\u00f3rmula. En un momento, meses atr\u00e1s, lleg\u00f3 a rumorearse que la exprimera dama, Michelle Obama, pod\u00eda ocupar ese puesto.<\/p>\n<p>Durante todas las primarias del Partido Dem\u00f3crata, el exmandatario se mantuvo por encima de la lucha entre los diferentes aspirantes -que llegaron a ser 11- y ofreci\u00f3 su consejo a cualquier que lo solicit\u00f3, pero no hizo ning\u00fan esfuerzo por impulsar ninguna candidatura por sobre otra, ni siquiera la de su propio vice.<\/p>\n<p>No obstante, el respaldo a Joe Biden llega considerablemente antes que en 2016 cuando apoy\u00f3 a Hillary Clinton reci\u00e9n en junio, apenas un mes antes de la Convenci\u00f3n Nacional Dem\u00f3crata.<\/p>\n<p>El candidato dem\u00f3crata ya cuenta con el apoyo de todos sus antiguos rivales primarios a excepci\u00f3n de la senadora progresista Elizabeth Warren quien, de acuerdo a AP, har\u00e1 un anuncio formal en los pr\u00f3ximos d\u00edas.<\/p>\n<p>Otros dos dem\u00f3cratas prominentes que a\u00fan no respaldaron formalmente a Joe Biden son el expresidente Bill Clinton y su esposa, Hillary. No obstante, un asistente de la excandidata y exsecretaria de Estado dijo que desde el final de la candidatura de Sanders, ha estado en contacto varias veces con el exvicepresidente.<\/p>\n","protected":false},"excerpt":{"rendered":"<p>El expresidente de Estados Unidos public\u00f3 un video de apoyo a quien fue su vice. El Partido Dem\u00f3crata espera con ello relanzar la candidatura &nbsp; &nbsp; El expresidente de Estados Unidos Barack Obama anunci\u00f3 este martes, a trav\u00e9s de un video, su respaldo a la candidatura de joe Biden para los comicios presidenciales de noviembre, un apoyo que se descontaba pero que ahora cobra un nuevo significado ya que permitir\u00e1 al Partido Dem\u00f3crata relanzar su campa\u00f1a en momentos en que qued\u00f3 opacada por la crisis del coronavirus. &#8220;Estoy orgulloso de&#8230;<\/p>\n","protected":false},"author":3,"featured_media":60253,"comment_status":"closed","ping_status":"closed","sticky":false,"template":"","format":"standard","meta":[],"categories":[4],"tags":[],"_links":{"self":[{"href":"https:\/\/www.actualidadadiario.com\/index.php\/wp-json\/wp\/v2\/posts\/60252"}],"collection":[{"href":"https:\/\/www.actualidadadiario.com\/index.php\/wp-json\/wp\/v2\/posts"}],"about":[{"href":"https:\/\/www.actualidadadiario.com\/index.php\/wp-json\/wp\/v2\/types\/post"}],"author":[{"embeddable":true,"href":"https:\/\/www.actualidadadiario.com\/index.php\/wp-json\/wp\/v2\/users\/3"}],"replies":[{"embeddable":true,"href":"https:\/\/www.actualidadadiario.com\/index.php\/wp-json\/wp\/v2\/comments?post=60252"}],"version-history":[{"count":1,"href":"https:\/\/www.actualidadadiario.com\/index.php\/wp-json\/wp\/v2\/posts\/60252\/revisions"}],"predecessor-version":[{"id":60254,"href":"https:\/\/www.actualidadadiario.com\/index.php\/wp-json\/wp\/v2\/posts\/60252\/revisions\/60254"}],"wp:featuredmedia":[{"embeddable":true,"href":"https:\/\/www.actualidadadiario.com\/index.php\/wp-json\/wp\/v2\/media\/60253"}],"wp:attachment":[{"href":"https:\/\/www.actualidadadiario.com\/index.php\/wp-json\/wp\/v2\/media?parent=60252"}],"wp:term":[{"taxonomy":"category","embeddable":true,"href":"https:\/\/www.actualidadadiario.com\/index.php\/wp-json\/wp\/v2\/categories?post=60252"},{"taxonomy":"post_tag","embeddable":true,"href":"https:\/\/www.actualidadadiario.com\/index.php\/wp-json\/wp\/v2\/tags?post=60252"}],"curies":[{"name":"wp","href":"https:\/\/api.w.org\/{rel}","templated":true}]}}