{"id":60240,"date":"2020-04-14T17:55:37","date_gmt":"2020-04-14T20:55:37","guid":{"rendered":"https:\/\/www.actualidadadiario.com\/?p=60240"},"modified":"2020-04-14T17:55:37","modified_gmt":"2020-04-14T20:55:37","slug":"segun-informe-la-cuarentena-en-argentina-redujo-139-las-eventuales-muertes","status":"publish","type":"post","link":"https:\/\/www.actualidadadiario.com\/index.php\/2020\/04\/14\/segun-informe-la-cuarentena-en-argentina-redujo-139-las-eventuales-muertes\/","title":{"rendered":"Seg\u00fan informe, la cuarentena en Argentina redujo 139% las eventuales muertes"},"content":{"rendered":"<p style=\"text-align: center;\"><em><strong>El an\u00e1lisis surge de un estudio elaborado por el director de la carrera de M\u00e9dico Especialista en Evaluaci\u00f3n de Tecnolog\u00edas Sanitarias de la UBA, en base a datos sobre el Covid-19<\/strong><\/em><\/p>\n<p>&nbsp;<\/p>\n<p>&nbsp;<\/p>\n<p>Alberto Fern\u00e1ndez explic\u00f3 durante las \u00faltimas horas de domingo en una entrevista a Telef\u00e9 que \u201calgunos epidemi\u00f3logos dicen que la curva se est\u00e1 aplanando mucho, y que quiz\u00e1 no haya pico, sino contagios a un ritmo m\u00e1s lento&#8221;. En la misma nota, el Presidente volvi\u00f3 a destacar el cumplimiento de la cuarentena obligatoria como medida para evitar la propagaci\u00f3n del coronavirus. Aclar\u00f3 que \u201chay mucha gente que tiene el virus y no tiene s\u00edntomas\u201d, insisti\u00f3 con que \u201cal aislarnos en nuestras casas evitamos que esas personas circulen y contagien a otros sin quererlo\u201d y remarc\u00f3 que \u201cel balance es positivo, pero estamos lejos de cantar victoria\u201d.<\/p>\n<p>En sinton\u00eda con las declaraciones del Jefe de Estado, el director de la Carrera de M\u00e9dico Especialista en Evaluaci\u00f3n de Tecnolog\u00edas Sanitarias de la Facultad de Medicina de la UBA, Esteban Lifschitz, present\u00f3 un informe con un dato contundente: \u201ccon otra reacci\u00f3n del Gobierno y a partir de un an\u00e1lisis de la evoluci\u00f3n de la mortalidad antes y despu\u00e9s de la implementaci\u00f3n del aislamiento social preventivo obligatorio, es posible estimar que la cuarentena ha colaborado de manera directa e indirecta para evitar entre 80.000 y 120.000 muertes en la Argentina hasta el 15 de mayo\u201d, asegura Lifschitz, quien elabor\u00f3 este an\u00e1lisis en base a datos oficiales disponibles y su comparaci\u00f3n con la evoluci\u00f3n de la pandemia en otros pa\u00edses.<\/p>\n<p>Seg\u00fan este informe, al jueves de la semana pasada, hubieran sido 170 los fallecidos en lugar de los 71 que efectivamente hubo. El an\u00e1lisis surge de los datos oficiales disponibles y su comparaci\u00f3n con la evoluci\u00f3n de la pandemia en otros pa\u00edses.<\/p>\n<p>De acuerdo al estudio, \u201cla duplicaci\u00f3n de los fallecidos resulta un marcador de la tendencia de la pandemia \u00fatil para evaluar su trayectoria y pronosticar su impacto. En la Argentina, una vez que se arrib\u00f3 al cuarto fallecimiento (21 de marzo) el n\u00famero de muertes se duplic\u00f3 entre los 2 y 4 d\u00edas y la progresi\u00f3n se mantuvo. Llev\u00f3 4 d\u00edas pasar del 4\u00b0 al 8\u00b0 fallecido, solo 2 para saltar del 6\u00b0 al n\u00famero 12, e hicieron falta 3 jornadas para alcanzar las 18 muertes una vez que aconteci\u00f3 la 9a. A partir del 27 de marzo, una semana despu\u00e9s de iniciada la cuarentena, los d\u00edas necesarios para duplicar el n\u00famero de muertos se ampliaron a seis. Y esa cifra se mantuvo hasta la fecha en que se escribe el present\u00e9 informe (9 de abril). Fueron necesarios 6 d\u00edas para duplicar las 15 primeras muertes pero tambi\u00e9n para pasar de 19 a 38, y de 29 a 58 \u00f3bitos. La curva se ha aplanado tanto que en ocasiones el plazo se extendi\u00f3 hasta los 7 d\u00edas\u201d, reza el informe.<\/p>\n<p>Lifschitz estim\u00f3 qu\u00e9 hubiera ocurrido si la Argentina continuaba con una tasa de duplicaci\u00f3n de muertes cada cuatro d\u00edas. Es decir, el ritmo previo a la cuarentena. Calcul\u00f3 que al jueves 9 de abril se hubiera llegado con 170 muertos en el pa\u00eds en vez de 71 y de continuar con ese ritmo se hubiera llegado a los 87.000 decesos para mediados de mayo.<\/p>\n<p>&nbsp;<\/p>\n<p><strong>Comparaci\u00f3n con Brasil<\/strong><\/p>\n<p>\u201cEl pa\u00eds vecino present\u00f3 su primera muerte por Covid-19 el 16 de marzo y pese a haber transcurrido menos d\u00edas que en la Argentina, a la fecha (jueves 9 de abril) registra 941 decesos. La situaci\u00f3n es marcadamente diferente en ambos pa\u00edses, de hecho Brasil presenta un promedio de 2,6 d\u00edas para duplicar el n\u00famero de muertes. En caso de haber tenido la velocidad de duplicaci\u00f3n evidenciada en Brasil, en lugar de haber llegado a las 87.000 mencionadas previamente, la Argentina deber\u00eda soportar casi 1,5 millones de vidas perdidas para mediados de mayo. Al d\u00eda de hoy, las muertes hubieran sido 363, m\u00e1s del doble de las esperadas para nuestro pa\u00eds con la velocidad de duplicaci\u00f3n previa a la cuarentena y 5 veces m\u00e1s de las que efectivamente se produjeron este 9 de abril\u201d, contin\u00faa el informe.<\/p>\n<p>Lifschitz consider\u00f3 que \u201ca juzgar por la evoluci\u00f3n de la enfermedad, es posible acordar que el impacto de la cuarentena ha sido m\u00e1s que satisfactorio. De hecho, la cuarentena ha colaborado, como actor principal, en evitar casi 120.000 muertes desde su instalaci\u00f3n y hasta mediados de mayo. 82.000 de esas muertes se evitaron en forma directa por el aplanamiento de la curva y las restantes 38.000, a consecuencia de haber evitado saturar antes de tiempo la respuesta del sistema de salud. La oportunidad que nos ofrece el aplanamiento de la curva nos obliga a dimensionar adecuadamente la cantidad de camas cr\u00edticas (entendidas no solo como el recurso f\u00edsico sino humano y tecnol\u00f3gico) necesarias para hacer frente al 5% que requerir\u00e1n internaci\u00f3n en terapia intensiva. La evoluci\u00f3n de la pandemia a nivel mundial permite estimar que mueren 2 de cada 100 personas por la letalidad del virus, debemos trabajar fuertemente para evitar un exceso de mortalidad que ser\u00e1 consecuencia de nuestra incapacidad para dar una respuesta social organizada\u201d.<\/p>\n","protected":false},"excerpt":{"rendered":"<p>El an\u00e1lisis surge de un estudio elaborado por el director de la carrera de M\u00e9dico Especialista en Evaluaci\u00f3n de Tecnolog\u00edas Sanitarias de la UBA, en base a datos sobre el Covid-19 &nbsp; &nbsp; Alberto Fern\u00e1ndez explic\u00f3 durante las \u00faltimas horas de domingo en una entrevista a Telef\u00e9 que \u201calgunos epidemi\u00f3logos dicen que la curva se est\u00e1 aplanando mucho, y que quiz\u00e1 no haya pico, sino contagios a un ritmo m\u00e1s lento&#8221;. En la misma nota, el Presidente volvi\u00f3 a destacar el cumplimiento de la cuarentena obligatoria como medida para evitar&#8230;<\/p>\n","protected":false},"author":3,"featured_media":60241,"comment_status":"closed","ping_status":"closed","sticky":false,"template":"","format":"standard","meta":[],"categories":[4],"tags":[],"_links":{"self":[{"href":"https:\/\/www.actualidadadiario.com\/index.php\/wp-json\/wp\/v2\/posts\/60240"}],"collection":[{"href":"https:\/\/www.actualidadadiario.com\/index.php\/wp-json\/wp\/v2\/posts"}],"about":[{"href":"https:\/\/www.actualidadadiario.com\/index.php\/wp-json\/wp\/v2\/types\/post"}],"author":[{"embeddable":true,"href":"https:\/\/www.actualidadadiario.com\/index.php\/wp-json\/wp\/v2\/users\/3"}],"replies":[{"embeddable":true,"href":"https:\/\/www.actualidadadiario.com\/index.php\/wp-json\/wp\/v2\/comments?post=60240"}],"version-history":[{"count":1,"href":"https:\/\/www.actualidadadiario.com\/index.php\/wp-json\/wp\/v2\/posts\/60240\/revisions"}],"predecessor-version":[{"id":60242,"href":"https:\/\/www.actualidadadiario.com\/index.php\/wp-json\/wp\/v2\/posts\/60240\/revisions\/60242"}],"wp:featuredmedia":[{"embeddable":true,"href":"https:\/\/www.actualidadadiario.com\/index.php\/wp-json\/wp\/v2\/media\/60241"}],"wp:attachment":[{"href":"https:\/\/www.actualidadadiario.com\/index.php\/wp-json\/wp\/v2\/media?parent=60240"}],"wp:term":[{"taxonomy":"category","embeddable":true,"href":"https:\/\/www.actualidadadiario.com\/index.php\/wp-json\/wp\/v2\/categories?post=60240"},{"taxonomy":"post_tag","embeddable":true,"href":"https:\/\/www.actualidadadiario.com\/index.php\/wp-json\/wp\/v2\/tags?post=60240"}],"curies":[{"name":"wp","href":"https:\/\/api.w.org\/{rel}","templated":true}]}}