{"id":60234,"date":"2020-04-14T17:53:45","date_gmt":"2020-04-14T20:53:45","guid":{"rendered":"https:\/\/www.actualidadadiario.com\/?p=60234"},"modified":"2020-04-14T17:53:45","modified_gmt":"2020-04-14T20:53:45","slug":"impuesto-a-la-riqueza-el-oficialismo-estima-que-alcanzara-a-unas-15-mil-personas","status":"publish","type":"post","link":"https:\/\/www.actualidadadiario.com\/index.php\/2020\/04\/14\/impuesto-a-la-riqueza-el-oficialismo-estima-que-alcanzara-a-unas-15-mil-personas\/","title":{"rendered":"Impuesto a la Riqueza: el oficialismo estima que alcanzar\u00e1 a unas 15 mil personas"},"content":{"rendered":"<p style=\"text-align: center;\"><em><strong>Ante la crisis por el coronavirus, el Frente de Todos espera recaudar unos U$S800.000.000, lo que permitir\u00eda incrementar en un 50% la asistencia que ya brinda a las provincias<\/strong><\/em><\/p>\n<p>&nbsp;<\/p>\n<p>El oficialismo trabaja a contrarreloj para completar la redacci\u00f3n del proyecto para imponer el Impuesto a la Riqueza que, de acuerdo a las estimaciones propias, podr\u00eda alcanzar a 15 mil personas y significar una recaudaci\u00f3n cercana a los 800 millones de d\u00f3lares, en un contexto de crisis por el avance del coronavirus.<\/p>\n<p>Por tratarse de un tema vinculado a una modificaci\u00f3n tributaria, el texto ingresar\u00e1 por la C\u00e1mara de Diputados, posiblemente hacia fines de esta semana, seg\u00fan anticip\u00f3 el titular de la Comisi\u00f3n de Presupuesto y Hacienda, Carlos Heller. Una vez que se difunda el proyecto, se reunir\u00e1 la comisi\u00f3n para abrir la discusi\u00f3n y tanto el Senado como Diputados ya est\u00e1n trabajando para habilitar la modalidad de sesiones virtuales que debutar\u00eda con el tratamiento de este impuesto.<\/p>\n<p>La diputada del Frente de Todos Fernanda Vallejos precis\u00f3 que \u201cestamos hablando de unas 15 mil personas, es decir un 0,03% de la poblaci\u00f3n argentina\u201d. La economista indic\u00f3 que con ese aporte \u201cse podr\u00eda incrementar en un 50% la asistencia prevista para las provincias en el marco de la crisis del coronavirus\u201d.<\/p>\n<p>Un 1% de al\u00edcuota es lo que baraja por estas horas el Frente de Todos, aunque en medio de la discusi\u00f3n explican, con tono amenazante, que \u201cse trata del escenario m\u00e1s conservador\u201d que se est\u00e1 evaluando. El gravamen se aplicar\u00eda sobre grandes grupos econ\u00f3micos de bancos, supermercados, laboratorios, compa\u00f1\u00edas de seguros o agropecuarios y no afectar\u00e1 a la \u201cclase media\u201d, aclaran enf\u00e1ticamente en el oficialismo.<\/p>\n<p>El 1% se aplicar\u00eda sobre patrimonios de entre $10 y 20 mil millones y se incrementar\u00eda en un 1% cada $10.000 millones extras.<\/p>\n<p>Vallejos advirti\u00f3 tambi\u00e9n que \u201centre 2015 y 2019 la brecha de ingresos escal\u00f3 de 16 a 21 veces\u201d, lo que quiere decir que \u201cel 10% m\u00e1s rico de la poblaci\u00f3n se apropi\u00f3 en ese per\u00edodo de 6 puntos porcentuales extra sobre el ingreso nacional, la torta de lo que produce Argentina, y esto nos da una pauta de qui\u00e9nes est\u00e1n en mejores condiciones en argentina para hacer un aporte excepcional&#8221;.<\/p>\n<p>Desde la Coalici\u00f3n C\u00edvica, el jefe del bloque de Diputados Maximiliano Ferraro expuso sus reparos al admitir: \u201cNo me gustar\u00eda que este tipo de soluciones sean desde una posici\u00f3n de revancha&#8221; y remarc\u00f3 que &#8220;el esfuerzo y la salida hay que pensarla entre todos&#8221;, porque &#8220;no son tiempos de tratar de sacar ventajas personales&#8221;.<\/p>\n<p>&#8220;Lo que estamos atravesando en t\u00e9rminos sanitarios, econ\u00f3micos y sociales requiere del esfuerzo de los distintos sectores&#8221;, dijo el legislador cercano a Elisa Carri\u00f3.<\/p>\n<p>Desde el PRO y la UCR coinciden en se\u00f1alar que esperan ver la letra del proyecto para dar su opini\u00f3n y negociar algunas condiciones propias. En las pr\u00f3ximas horas, los principales referentes de Juntos por el Cambio mantendr\u00e1n una reuni\u00f3n virtual para tratar, entre otros puntos, la postura sobre el Impuesto a la Riqueza que por el momento no es un\u00e1nime, ya que los alineados detr\u00e1s de Alfredo Cornejo est\u00e1n m\u00e1s abiertos a analizar esa chance, frente a un rechazo m\u00e1s marcado de la gente de Patricia Bullrich.<\/p>\n","protected":false},"excerpt":{"rendered":"<p>Ante la crisis por el coronavirus, el Frente de Todos espera recaudar unos U$S800.000.000, lo que permitir\u00eda incrementar en un 50% la asistencia que ya brinda a las provincias &nbsp; El oficialismo trabaja a contrarreloj para completar la redacci\u00f3n del proyecto para imponer el Impuesto a la Riqueza que, de acuerdo a las estimaciones propias, podr\u00eda alcanzar a 15 mil personas y significar una recaudaci\u00f3n cercana a los 800 millones de d\u00f3lares, en un contexto de crisis por el avance del coronavirus. Por tratarse de un tema vinculado a una&#8230;<\/p>\n","protected":false},"author":3,"featured_media":60235,"comment_status":"closed","ping_status":"closed","sticky":false,"template":"","format":"standard","meta":[],"categories":[18],"tags":[],"_links":{"self":[{"href":"https:\/\/www.actualidadadiario.com\/index.php\/wp-json\/wp\/v2\/posts\/60234"}],"collection":[{"href":"https:\/\/www.actualidadadiario.com\/index.php\/wp-json\/wp\/v2\/posts"}],"about":[{"href":"https:\/\/www.actualidadadiario.com\/index.php\/wp-json\/wp\/v2\/types\/post"}],"author":[{"embeddable":true,"href":"https:\/\/www.actualidadadiario.com\/index.php\/wp-json\/wp\/v2\/users\/3"}],"replies":[{"embeddable":true,"href":"https:\/\/www.actualidadadiario.com\/index.php\/wp-json\/wp\/v2\/comments?post=60234"}],"version-history":[{"count":1,"href":"https:\/\/www.actualidadadiario.com\/index.php\/wp-json\/wp\/v2\/posts\/60234\/revisions"}],"predecessor-version":[{"id":60236,"href":"https:\/\/www.actualidadadiario.com\/index.php\/wp-json\/wp\/v2\/posts\/60234\/revisions\/60236"}],"wp:featuredmedia":[{"embeddable":true,"href":"https:\/\/www.actualidadadiario.com\/index.php\/wp-json\/wp\/v2\/media\/60235"}],"wp:attachment":[{"href":"https:\/\/www.actualidadadiario.com\/index.php\/wp-json\/wp\/v2\/media?parent=60234"}],"wp:term":[{"taxonomy":"category","embeddable":true,"href":"https:\/\/www.actualidadadiario.com\/index.php\/wp-json\/wp\/v2\/categories?post=60234"},{"taxonomy":"post_tag","embeddable":true,"href":"https:\/\/www.actualidadadiario.com\/index.php\/wp-json\/wp\/v2\/tags?post=60234"}],"curies":[{"name":"wp","href":"https:\/\/api.w.org\/{rel}","templated":true}]}}