{"id":60232,"date":"2020-04-14T17:52:58","date_gmt":"2020-04-14T20:52:58","guid":{"rendered":"https:\/\/www.actualidadadiario.com\/?p=60232"},"modified":"2020-04-14T17:52:58","modified_gmt":"2020-04-14T20:52:58","slug":"la-corte-suprema-dispuso-que-las-compras-se-realicen-respetando-precios-maximos","status":"publish","type":"post","link":"https:\/\/www.actualidadadiario.com\/index.php\/2020\/04\/14\/la-corte-suprema-dispuso-que-las-compras-se-realicen-respetando-precios-maximos\/","title":{"rendered":"La Corte Suprema dispuso que las compras se realicen respetando precios m\u00e1ximos"},"content":{"rendered":"<p style=\"text-align: center;\"><em><strong>La decisi\u00f3n fue tomada a trav\u00e9s de la Resoluci\u00f3n 558\/20, que aclar\u00f3 que la finalidad es &#8220;continuar con la pol\u00edtica de transparencia en la gesti\u00f3n y de eficiencia en la ejecuci\u00f3n de recursos&#8221;<\/strong><\/em><\/p>\n<p>&nbsp;<\/p>\n<p>&nbsp;<\/p>\n<p>&nbsp;<\/p>\n<p>La Corte Suprema de Justicia resolvi\u00f3 que las compras de bienes que realice se efectuar\u00e1n con el criterio de precios m\u00e1ximos establecido hace una semana por el gobierno nacional, mientras se extienda la emergencia sanitaria por la pandemia del coronavirus.<\/p>\n<p>La decisi\u00f3n fue tomada a trav\u00e9s de la Resoluci\u00f3n 558\/20, que aclar\u00f3 que la finalidad es &#8220;continuar con la pol\u00edtica de transparencia en la gesti\u00f3n y de eficiencia en la ejecuci\u00f3n de recursos&#8221;.<\/p>\n<p>El documento aclar\u00f3 que, con ese prop\u00f3sito y aunque la misma &#8220;no es de aplicaci\u00f3n&#8221; en el Poder Judicial, se adoptar\u00e1 la postura establecida en la Decisi\u00f3n Administrativa del Jefe de Gabinete de Ministros de la Naci\u00f3n 472\/2020, publicada en el Bolet\u00edn Oficial el 7 de abril \u00faltimo.<\/p>\n<p>Esa decisi\u00f3n prev\u00e9 que &#8220;en los procesos de compra que se lleven a cabo para atender la emergencia en el marco del Procedimiento de Contrataci\u00f3n de Bienes y Servicios, no podr\u00e1 en ning\u00fan caso abonarse montos superiores a los Precios M\u00e1ximos establecidos por la Resoluci\u00f3n de la Secretaria de Comercio Interior del Ministerio de Desarrollo Productivo 100\/20&#8221;.<\/p>\n<p>Por la resoluci\u00f3n 558\/20 de la Corte se instruy\u00f3 a la Secretaria de Administraci\u00f3n del tribunal para que implemente ese mismo criterio para las compras de bienes y adquisiciones en el marco de la emergencia sanitaria dispuesta en el orden nacional por el Decreto de Necesidad y Urgencia 260\/2020.<\/p>\n<p>Debido a &#8220;las restricciones presupuestarias imperantes&#8221;, la resoluci\u00f3n manda priorizar las compras con &#8220;una eficaz gesti\u00f3n en los tiempos de aprovisionamiento acordes con la situaci\u00f3n de emergencia&#8221; y que los precios m\u00e1ximos de referencia &#8220;se podr\u00e1n consultar en la direcci\u00f3n de internet https:\/\/preciosmaximos.argentina.gob.ar\/#\/provincia\/CABA&#8221;.<\/p>\n","protected":false},"excerpt":{"rendered":"<p>La decisi\u00f3n fue tomada a trav\u00e9s de la Resoluci\u00f3n 558\/20, que aclar\u00f3 que la finalidad es &#8220;continuar con la pol\u00edtica de transparencia en la gesti\u00f3n y de eficiencia en la ejecuci\u00f3n de recursos&#8221; &nbsp; &nbsp; &nbsp; La Corte Suprema de Justicia resolvi\u00f3 que las compras de bienes que realice se efectuar\u00e1n con el criterio de precios m\u00e1ximos establecido hace una semana por el gobierno nacional, mientras se extienda la emergencia sanitaria por la pandemia del coronavirus. La decisi\u00f3n fue tomada a trav\u00e9s de la Resoluci\u00f3n 558\/20, que aclar\u00f3 que la&#8230;<\/p>\n","protected":false},"author":3,"featured_media":52564,"comment_status":"closed","ping_status":"closed","sticky":false,"template":"","format":"standard","meta":[],"categories":[18],"tags":[],"_links":{"self":[{"href":"https:\/\/www.actualidadadiario.com\/index.php\/wp-json\/wp\/v2\/posts\/60232"}],"collection":[{"href":"https:\/\/www.actualidadadiario.com\/index.php\/wp-json\/wp\/v2\/posts"}],"about":[{"href":"https:\/\/www.actualidadadiario.com\/index.php\/wp-json\/wp\/v2\/types\/post"}],"author":[{"embeddable":true,"href":"https:\/\/www.actualidadadiario.com\/index.php\/wp-json\/wp\/v2\/users\/3"}],"replies":[{"embeddable":true,"href":"https:\/\/www.actualidadadiario.com\/index.php\/wp-json\/wp\/v2\/comments?post=60232"}],"version-history":[{"count":1,"href":"https:\/\/www.actualidadadiario.com\/index.php\/wp-json\/wp\/v2\/posts\/60232\/revisions"}],"predecessor-version":[{"id":60233,"href":"https:\/\/www.actualidadadiario.com\/index.php\/wp-json\/wp\/v2\/posts\/60232\/revisions\/60233"}],"wp:featuredmedia":[{"embeddable":true,"href":"https:\/\/www.actualidadadiario.com\/index.php\/wp-json\/wp\/v2\/media\/52564"}],"wp:attachment":[{"href":"https:\/\/www.actualidadadiario.com\/index.php\/wp-json\/wp\/v2\/media?parent=60232"}],"wp:term":[{"taxonomy":"category","embeddable":true,"href":"https:\/\/www.actualidadadiario.com\/index.php\/wp-json\/wp\/v2\/categories?post=60232"},{"taxonomy":"post_tag","embeddable":true,"href":"https:\/\/www.actualidadadiario.com\/index.php\/wp-json\/wp\/v2\/tags?post=60232"}],"curies":[{"name":"wp","href":"https:\/\/api.w.org\/{rel}","templated":true}]}}