{"id":60229,"date":"2020-04-14T17:52:08","date_gmt":"2020-04-14T20:52:08","guid":{"rendered":"https:\/\/www.actualidadadiario.com\/?p=60229"},"modified":"2020-04-14T17:52:08","modified_gmt":"2020-04-14T20:52:08","slug":"oficializan-la-declaracion-del-coronavirus-como-enfermedad-profesional","status":"publish","type":"post","link":"https:\/\/www.actualidadadiario.com\/index.php\/2020\/04\/14\/oficializan-la-declaracion-del-coronavirus-como-enfermedad-profesional\/","title":{"rendered":"Oficializan la declaraci\u00f3n del coronavirus como &#8220;enfermedad profesional&#8221;"},"content":{"rendered":"<p style=\"text-align: center;\"><em><strong>Por el Decreto 367\/2020 firmado por el presidente Alberto Fern\u00e1ndez, publicado en el Bolet\u00edn Oficial, &#8220;las ART no podr\u00e1n rechazar la cobertura&#8221;<\/strong><\/em><\/p>\n<p>&nbsp;<\/p>\n<p>&nbsp;<\/p>\n<p>El gobierno nacional oficializ\u00f3 el decreto de necesidad y urgencia (DNU) que determina que las Aseguradoras de Riesgos del Trabajo (ART) deber\u00e1n dar cobertura a trabajadores que, en el desempe\u00f1o de actividades y servicios esenciales, contraigan el coronavirus, al considerarla &#8220;presuntivamente una enfermedad de car\u00e1cter profesional&#8221;.<\/p>\n<p>Por el Decreto 367\/2020 firmado por el presidente Alberto Fern\u00e1ndez, publicado en el Bolet\u00edn Oficial, se dispone que &#8220;la enfermedad Covid-19 producida por el coronavirus SARS-CoV-2 se considerar\u00e1 presuntivamente una enfermedad de car\u00e1cter profesional&#8221;.<\/p>\n<p>La norma indica que incluye a &#8220;las y los trabajadores dependientes excluidos mediante dispensa legal y con el fin de realizar actividades declaradas esenciales, del cumplimiento del aislamiento social, preventivo y obligatorio&#8221;, mientras que &#8220;se encuentre vigente la medida de aislamiento dispuesta por esas normativas, o sus eventuales pr\u00f3rrogas&#8221;.<\/p>\n<p>En ese marco, prescribe que &#8220;las ART no podr\u00e1n rechazar la cobertura de las contingencias&#8221;, y deber\u00e1n &#8220;adoptar los recaudos necesarios para que, al tomar conocimiento de la denuncia del infortunio laboral acompa\u00f1ada del correspondiente diagn\u00f3stico confirmado emitido por entidad debidamente autorizada, la trabajadora o el trabajador damnificado reciba, en forma inmediata, las prestaciones previstas en la Ley N\u00b0 24.557, y sus normas modificatorias y complementarias&#8221;.<\/p>\n<p>El lunes por la noche, un comunicado de la Superintendencia de Riesgos del Trabajo (SRT), el organismo de contralor de las ART, indic\u00f3 que &#8220;los trabajadores que se contagien la enfermedad producida por el coronavirus en el \u00e1mbito laboral deber\u00e1n efectuar la denuncia a la ART a la que se encuentre afiliado el empleador, la cual ser\u00e1 considerada como enfermedad profesional no listada y se deber\u00e1n otorgar las prestaciones correspondientes&#8221;.<\/p>\n<p>El decreto confiere a la SRT la facultad de dictar las normas complementarias necesarias para la actuaci\u00f3n en el \u00e1mbito de la Comisi\u00f3n M\u00e9dica Central (CMC). En caso de una discrepancia con la ART, esa entidad ser\u00e1 la encargada de determinar el car\u00e1cter definitivo profesional de la patolog\u00eda.<\/p>\n<p>En los considerandos de la medida se establece que &#8220;merecen prioritaria protecci\u00f3n aquellos trabajadores y trabajadoras que, debidamente identificados e identificadas por sus empleadores, se encuentren desarrollando actividades laborales determinables&#8221;.<\/p>\n<p>D\u00edas pasados, las autoridades del Ministerio de Salud se hab\u00edan comprometido ante los gremios del sector a impulsar un DNU con otras \u00e1reas del gabinete nacional para incluir al coronavirus como enfermedad profesional con cobertura por parte de las ART.<\/p>\n<p>La adopci\u00f3n de la medida fue celebrada hoy por el secretario general de la Asociaci\u00f3n de Trabajadores del Estado (ATE), Hugo \u201cCachorro\u201d Godoy, quien destac\u00f3 en un comunicado que \u201ceste es un logro de la organizaci\u00f3n porque, el 19 de marzo pasado enviamos a la Superintendencia de Riesgos de Trabajo y al propio Ministerio de Trabajo un reclamo para que el Covid-19 y el dengue sean reconocidos como enfermedades profesionales\u201d.<\/p>\n<p>\u201cPor eso hoy valoramos la respuesta del presidente Alberto Fern\u00e1ndez de reconocer al Covid-19 como enfermedad profesional y reconocer a los trabajadores asignados a la emergencia en otras actividades no sanitarias la misma condici\u00f3n, para que las ART se hagan cargo de manera inmediata del tratamiento y abordaje de esa enfermedad\u201d, agreg\u00f3 Godoy.<\/p>\n<p>En ese contexto, consider\u00f3 &#8220;una puesta en valor&#8221; del pedido de las organizaciones sindicales &#8220;la voluntad y la decisi\u00f3n del presidente Alberto Fern\u00e1ndez de escucharnos y actuar en consecuencia\u201d.<\/p>\n","protected":false},"excerpt":{"rendered":"<p>Por el Decreto 367\/2020 firmado por el presidente Alberto Fern\u00e1ndez, publicado en el Bolet\u00edn Oficial, &#8220;las ART no podr\u00e1n rechazar la cobertura&#8221; &nbsp; &nbsp; El gobierno nacional oficializ\u00f3 el decreto de necesidad y urgencia (DNU) que determina que las Aseguradoras de Riesgos del Trabajo (ART) deber\u00e1n dar cobertura a trabajadores que, en el desempe\u00f1o de actividades y servicios esenciales, contraigan el coronavirus, al considerarla &#8220;presuntivamente una enfermedad de car\u00e1cter profesional&#8221;. Por el Decreto 367\/2020 firmado por el presidente Alberto Fern\u00e1ndez, publicado en el Bolet\u00edn Oficial, se dispone que &#8220;la enfermedad&#8230;<\/p>\n","protected":false},"author":3,"featured_media":60230,"comment_status":"closed","ping_status":"closed","sticky":false,"template":"","format":"standard","meta":[],"categories":[18],"tags":[],"_links":{"self":[{"href":"https:\/\/www.actualidadadiario.com\/index.php\/wp-json\/wp\/v2\/posts\/60229"}],"collection":[{"href":"https:\/\/www.actualidadadiario.com\/index.php\/wp-json\/wp\/v2\/posts"}],"about":[{"href":"https:\/\/www.actualidadadiario.com\/index.php\/wp-json\/wp\/v2\/types\/post"}],"author":[{"embeddable":true,"href":"https:\/\/www.actualidadadiario.com\/index.php\/wp-json\/wp\/v2\/users\/3"}],"replies":[{"embeddable":true,"href":"https:\/\/www.actualidadadiario.com\/index.php\/wp-json\/wp\/v2\/comments?post=60229"}],"version-history":[{"count":1,"href":"https:\/\/www.actualidadadiario.com\/index.php\/wp-json\/wp\/v2\/posts\/60229\/revisions"}],"predecessor-version":[{"id":60231,"href":"https:\/\/www.actualidadadiario.com\/index.php\/wp-json\/wp\/v2\/posts\/60229\/revisions\/60231"}],"wp:featuredmedia":[{"embeddable":true,"href":"https:\/\/www.actualidadadiario.com\/index.php\/wp-json\/wp\/v2\/media\/60230"}],"wp:attachment":[{"href":"https:\/\/www.actualidadadiario.com\/index.php\/wp-json\/wp\/v2\/media?parent=60229"}],"wp:term":[{"taxonomy":"category","embeddable":true,"href":"https:\/\/www.actualidadadiario.com\/index.php\/wp-json\/wp\/v2\/categories?post=60229"},{"taxonomy":"post_tag","embeddable":true,"href":"https:\/\/www.actualidadadiario.com\/index.php\/wp-json\/wp\/v2\/tags?post=60229"}],"curies":[{"name":"wp","href":"https:\/\/api.w.org\/{rel}","templated":true}]}}