{"id":60226,"date":"2020-04-14T17:51:18","date_gmt":"2020-04-14T20:51:18","guid":{"rendered":"https:\/\/www.actualidadadiario.com\/?p=60226"},"modified":"2020-04-14T17:51:18","modified_gmt":"2020-04-14T20:51:18","slug":"el-gobierno-auxiliara-al-sector-turistico-con-1-500-millones","status":"publish","type":"post","link":"https:\/\/www.actualidadadiario.com\/index.php\/2020\/04\/14\/el-gobierno-auxiliara-al-sector-turistico-con-1-500-millones\/","title":{"rendered":"El Gobierno auxiliar\u00e1 al sector tur\u00edstico con $1.500 millones"},"content":{"rendered":"<p style=\"text-align: center;\"><strong>Las c\u00e1maras del turismo registraron ca\u00eddas r\u00e9cords y alertaron por la p\u00e9rdida de un mill\u00f3n de trabajadores del sector<\/strong><\/p>\n<p>&nbsp;<\/p>\n<p>&nbsp;<\/p>\n<p>&nbsp;<\/p>\n<p>El Gobierno pondr\u00e1 en marcha una partida de casi $ 1.500 millones en rescate para el sector tur\u00edstico en medio de la pandemia de coronavirus. Se enfocaran en mejoras de infraestructura y la protecci\u00f3n de un mill\u00f3n de empleos.<\/p>\n<p>El acuerdo alcanzado anoche en Olivos entre el presidente Alberto Fern\u00e1ndez y los empresarios del sector se suman al congelamiento del precio de los alquileres y la imposibilidad de corte de luz, gas y tel\u00e9fono para m\u00e1s de 5.000 agencias y 17.000 hoteles de todo el pa\u00eds.<\/p>\n<p>En tanto, las entidades del turismo se acoplar\u00e1n a la postergaci\u00f3n o reducci\u00f3n de hasta 95% del pago de las contribuciones patronales durante abril para empleadores que no superen los 60 contratados; la Asignaci\u00f3n Compensatoria al Salario para todos los trabajadores en empresas de hasta 100 empleados; la puesta en vigencia del Programa de Recuperaci\u00f3n Productiva (REPRO) para compa\u00f1\u00edas con m\u00e1s de 100 trabajadores; la posibilidad de ingresar al sistema integral de prestaciones por desempleo y pr\u00e9stamos a una tasa preferencial del 24% para que las PyMEs puedan afrontar los sueldos de marzo.<\/p>\n<p>Adem\u00e1s, la cartera conducida por Mat\u00edas Lammens relanzar\u00e1 el Fondo de Turismo (FonDeTur), por el que se destinar\u00e1n 30 millones de pesos para emprendedores que desarrollen &#8220;proyectos sostenibles&#8221; que favorezcan el empleo.<\/p>\n<p>En materia de infraestructura, se destinar\u00e1 un porcentaje de la recaudaci\u00f3n del impuesto PAIS a obras tur\u00edsticas dentro del Plan &#8220;50 destinos&#8221;, que ya contabiliza 1.400 millones de pesos, y la habilitaci\u00f3n de hasta dos Agentes de Viaje para que puedan compartir estructuras funcionales en un local por un a\u00f1o.<\/p>\n<p>A su vez, se extiende los plazos de todos los tr\u00e1mites que deben cumplir ante la Direcci\u00f3n de Agencias de Viajes hasta el mi\u00e9rcoles 15 de abril.<\/p>\n","protected":false},"excerpt":{"rendered":"<p>Las c\u00e1maras del turismo registraron ca\u00eddas r\u00e9cords y alertaron por la p\u00e9rdida de un mill\u00f3n de trabajadores del sector &nbsp; &nbsp; &nbsp; El Gobierno pondr\u00e1 en marcha una partida de casi $ 1.500 millones en rescate para el sector tur\u00edstico en medio de la pandemia de coronavirus. Se enfocaran en mejoras de infraestructura y la protecci\u00f3n de un mill\u00f3n de empleos. El acuerdo alcanzado anoche en Olivos entre el presidente Alberto Fern\u00e1ndez y los empresarios del sector se suman al congelamiento del precio de los alquileres y la imposibilidad de&#8230;<\/p>\n","protected":false},"author":3,"featured_media":60227,"comment_status":"closed","ping_status":"closed","sticky":false,"template":"","format":"standard","meta":[],"categories":[18],"tags":[],"_links":{"self":[{"href":"https:\/\/www.actualidadadiario.com\/index.php\/wp-json\/wp\/v2\/posts\/60226"}],"collection":[{"href":"https:\/\/www.actualidadadiario.com\/index.php\/wp-json\/wp\/v2\/posts"}],"about":[{"href":"https:\/\/www.actualidadadiario.com\/index.php\/wp-json\/wp\/v2\/types\/post"}],"author":[{"embeddable":true,"href":"https:\/\/www.actualidadadiario.com\/index.php\/wp-json\/wp\/v2\/users\/3"}],"replies":[{"embeddable":true,"href":"https:\/\/www.actualidadadiario.com\/index.php\/wp-json\/wp\/v2\/comments?post=60226"}],"version-history":[{"count":1,"href":"https:\/\/www.actualidadadiario.com\/index.php\/wp-json\/wp\/v2\/posts\/60226\/revisions"}],"predecessor-version":[{"id":60228,"href":"https:\/\/www.actualidadadiario.com\/index.php\/wp-json\/wp\/v2\/posts\/60226\/revisions\/60228"}],"wp:featuredmedia":[{"embeddable":true,"href":"https:\/\/www.actualidadadiario.com\/index.php\/wp-json\/wp\/v2\/media\/60227"}],"wp:attachment":[{"href":"https:\/\/www.actualidadadiario.com\/index.php\/wp-json\/wp\/v2\/media?parent=60226"}],"wp:term":[{"taxonomy":"category","embeddable":true,"href":"https:\/\/www.actualidadadiario.com\/index.php\/wp-json\/wp\/v2\/categories?post=60226"},{"taxonomy":"post_tag","embeddable":true,"href":"https:\/\/www.actualidadadiario.com\/index.php\/wp-json\/wp\/v2\/tags?post=60226"}],"curies":[{"name":"wp","href":"https:\/\/api.w.org\/{rel}","templated":true}]}}