{"id":60220,"date":"2020-04-14T17:49:36","date_gmt":"2020-04-14T20:49:36","guid":{"rendered":"https:\/\/www.actualidadadiario.com\/?p=60220"},"modified":"2020-04-14T17:49:36","modified_gmt":"2020-04-14T20:49:36","slug":"oficializaron-quienes-integraran-la-unidad-de-prevencion-de-eventos-de-salud-publica-internacional","status":"publish","type":"post","link":"https:\/\/www.actualidadadiario.com\/index.php\/2020\/04\/14\/oficializaron-quienes-integraran-la-unidad-de-prevencion-de-eventos-de-salud-publica-internacional\/","title":{"rendered":"Oficializaron qui\u00e9nes integrar\u00e1n la unidad de prevenci\u00f3n de eventos de salud p\u00fablica internacional"},"content":{"rendered":"<p style=\"text-align: center;\"><em><strong>La medida fue publicada este martes en el Bolet\u00edn Oficial mediante la decisi\u00f3n administrativa 497\/2020<\/strong><\/em><\/p>\n<p>&nbsp;<\/p>\n<p>&nbsp;<\/p>\n<p>El Gobierno nacional cre\u00f3 la \u201cUnidad de Coordinaci\u00f3n General del Plan Integral para la Prevenci\u00f3n de Eventos de Salud P\u00fablica de Importancia Internacional\u201d. La misma estar\u00e1 integrada por los titulares de los Ministerios de Salud, Interior, Desarrollo Productivo, Econom\u00eda, Trabajo y Relaciones Exteriores. La medida fue publicada este martes en el Bolet\u00edn Oficial mediante la decisi\u00f3n administrativa 497\/2020.<\/p>\n<p>Esta Unidad formular\u00e1 recomendaciones con relaci\u00f3n a la necesidad o conveniencia de ampliar o reducir las excepciones al \u201caislamiento social, preventivo y obligatorio\u201d. Siempre en funci\u00f3n de la din\u00e1mica de la situaci\u00f3n epidemiol\u00f3gica, seg\u00fan aclara la norma. Tambi\u00e9n tendr\u00e1 injerencia sobre los pedidos de gobernadores respecto de excepciones del cumplimiento de esta medida a personas que cumplen con servicios esenciales.<\/p>\n<p>En la emergencia de salud p\u00fablica, el grupo deber\u00e1 efectuar propuestas para el jefe de Gabinete de Ministros acerca de las medidas que considere conducentes. Ser\u00e1 con el fin de lograr una mayor eficacia en el cumplimiento de los objetivos sanitarios para mitigar la propagaci\u00f3n de COVID-19. As\u00ed, Santiago Cafiero evaluar\u00e1 las formas de reunirse, a trav\u00e9s de la modalidad que este estime conveniente.<\/p>\n<p>\u201cSe dejar\u00e1 constancia de la convocatoria, los temas tratados y las recomendaciones, propuestas o conclusiones arribadas en cada una de las reuniones, en un Acta a ser suscripta por sus integrantes. En la misma se consignar\u00e1n los informes t\u00e9cnicos acompa\u00f1ados por cada uno de sus miembros a la reuni\u00f3n y de los informes elaborados por otros Organismos o Jurisdicciones, a requerimiento de la referida Unidad o de alguno de sus miembros. La Unidad podr\u00e1 solicitar la participaci\u00f3n o colaboraci\u00f3n de otros Organismos o Jurisdicciones, conforme la naturaleza de los temas a tratar\u201d, manifiesta la medida.<\/p>\n<p>Esta decisi\u00f3n se apoya en el decreto 260\/2020, el cual estableci\u00f3 que compete al jefe de Gabinete coordinar con las distintas jurisdicciones y organismos del Sector P\u00fablico Nacional, la implementaci\u00f3n de las acciones y pol\u00edticas. Esto \u201cpara el adecuado cumplimiento de las recomendaciones que disponga la autoridad sanitaria nacional. En el marco de la emergencia y de la situaci\u00f3n epidemiol\u00f3gica\u201d.<\/p>\n","protected":false},"excerpt":{"rendered":"<p>La medida fue publicada este martes en el Bolet\u00edn Oficial mediante la decisi\u00f3n administrativa 497\/2020 &nbsp; &nbsp; El Gobierno nacional cre\u00f3 la \u201cUnidad de Coordinaci\u00f3n General del Plan Integral para la Prevenci\u00f3n de Eventos de Salud P\u00fablica de Importancia Internacional\u201d. La misma estar\u00e1 integrada por los titulares de los Ministerios de Salud, Interior, Desarrollo Productivo, Econom\u00eda, Trabajo y Relaciones Exteriores. La medida fue publicada este martes en el Bolet\u00edn Oficial mediante la decisi\u00f3n administrativa 497\/2020. Esta Unidad formular\u00e1 recomendaciones con relaci\u00f3n a la necesidad o conveniencia de ampliar o reducir&#8230;<\/p>\n","protected":false},"author":3,"featured_media":60221,"comment_status":"closed","ping_status":"closed","sticky":false,"template":"","format":"standard","meta":[],"categories":[9],"tags":[],"_links":{"self":[{"href":"https:\/\/www.actualidadadiario.com\/index.php\/wp-json\/wp\/v2\/posts\/60220"}],"collection":[{"href":"https:\/\/www.actualidadadiario.com\/index.php\/wp-json\/wp\/v2\/posts"}],"about":[{"href":"https:\/\/www.actualidadadiario.com\/index.php\/wp-json\/wp\/v2\/types\/post"}],"author":[{"embeddable":true,"href":"https:\/\/www.actualidadadiario.com\/index.php\/wp-json\/wp\/v2\/users\/3"}],"replies":[{"embeddable":true,"href":"https:\/\/www.actualidadadiario.com\/index.php\/wp-json\/wp\/v2\/comments?post=60220"}],"version-history":[{"count":1,"href":"https:\/\/www.actualidadadiario.com\/index.php\/wp-json\/wp\/v2\/posts\/60220\/revisions"}],"predecessor-version":[{"id":60222,"href":"https:\/\/www.actualidadadiario.com\/index.php\/wp-json\/wp\/v2\/posts\/60220\/revisions\/60222"}],"wp:featuredmedia":[{"embeddable":true,"href":"https:\/\/www.actualidadadiario.com\/index.php\/wp-json\/wp\/v2\/media\/60221"}],"wp:attachment":[{"href":"https:\/\/www.actualidadadiario.com\/index.php\/wp-json\/wp\/v2\/media?parent=60220"}],"wp:term":[{"taxonomy":"category","embeddable":true,"href":"https:\/\/www.actualidadadiario.com\/index.php\/wp-json\/wp\/v2\/categories?post=60220"},{"taxonomy":"post_tag","embeddable":true,"href":"https:\/\/www.actualidadadiario.com\/index.php\/wp-json\/wp\/v2\/tags?post=60220"}],"curies":[{"name":"wp","href":"https:\/\/api.w.org\/{rel}","templated":true}]}}