{"id":60218,"date":"2020-04-14T17:48:46","date_gmt":"2020-04-14T20:48:46","guid":{"rendered":"https:\/\/www.actualidadadiario.com\/?p=60218"},"modified":"2020-04-14T17:48:46","modified_gmt":"2020-04-14T20:48:46","slug":"la-formula-presidencial-celebro-los-25-anos-de-hijos","status":"publish","type":"post","link":"https:\/\/www.actualidadadiario.com\/index.php\/2020\/04\/14\/la-formula-presidencial-celebro-los-25-anos-de-hijos\/","title":{"rendered":"La f\u00f3rmula presidencial celebr\u00f3 los 25 a\u00f1os de HIJOS"},"content":{"rendered":"<p style=\"text-align: center;\"><em><strong>Alberto Fern\u00e1ndez y Cristina Fern\u00e1ndez de Kirchner recordaron en sus redes sociales el cuarto de siglo que cumple hoy la agrupaci\u00f3n. Las felicitaciones de otros organismos<\/strong><\/em><\/p>\n<p>&nbsp;<\/p>\n<p>&nbsp;<\/p>\n<p>El Presidente envi\u00f3 su &#8220;mejor saludo&#8221; y &#8220;todo&#8221; su cari\u00f1o a les integrantes de la agrupaci\u00f3n H.I.J.O.S en el marco de su 25\u00b0 aniversario. &#8220;Es un orgullo que chicos que la pasaron mal, que tuvieron p\u00e9rdidas irreparables hayan tenido la fuerza de unirse, de juntarse, de luchar en busca de la verdad y la justicia&#8221;, dedic\u00f3 Alberto Fern\u00e1ndez en un video que la regional Capital de la agrupaci\u00f3n comparti\u00f3 a trav\u00e9s de sus redes sociales. En tiempos de coronavirus y aislamiento preventivo social obligatorio, los saludos llegaron a trav\u00e9s de la virtualidad. Al del Presidente se sum\u00f3, destacado, el de la vice, Cristina Fern\u00e1ndez.<\/p>\n<p>&#8220;Aca me ven rabajando con esta Argentina dada vuelta&#8221;, comienza el saludo que Fern\u00e1ndez, de camisa y corbata relajada, film\u00f3 en la noche de ayer desde la Quinta Presidencial de Olivos para celebrar el cuarto de siglo de H.I.J.O.S, a prop\u00f3sito del aniversario de la organizaci\u00f3n que surgi\u00f3 en C\u00f3rdoba en 1995 y que populariz\u00f3 el escrache a genocidas cuando las leyes de impunidad imperaban en el pa\u00eds y les permit\u00edan compartir la vida cotidiana en libertad. &#8220;Ahora que se cumplen 25 a\u00f1os, ya no son tan chicos, han crecido y madurado con un compromiso y conciencia enormes. Los quiero abrazar &#8211;les asegur\u00f3&#8211;. Les quiero mandar mi mejor saludo y todo mi cari\u00f1o por lo que han hecho, por lo que hacen, por lo que har\u00e1n y lo que son&#8221;.<\/p>\n<p>El video breve fue compartido a trav\u00e9s de sus cuentas de redes sociales la regional porte\u00f1a de H.I.J.O.S, que agradeci\u00f3 el saludo y le dese\u00f3 al primer mandatario &#8220;fuerza y abrazo para seguir adelante&#8221;. En su mensaje, Fern\u00e1ndez sostuvo, por \u00faltimo, que tiene &#8220;la suerte y orgullo&#8221; de que &#8220;cuatro hijos de seres que han desaparecido est\u00e1n trabajando en mi Gobierno, en mi Gabinete&#8221;, en referencia al ministro del Interior, Eduardo de Pedro; al de Ambiente, Juan Cabandi\u00e9; a la titular del INADI y al secretario de Derechos Humanos, Horacio Pietragalla. El \u00fanico que milit\u00f3 en la agrupaci\u00f3n cumplea\u00f1era es de Pedro. Los otros tres fueron nacieron en cautiverio, fueron apropiades por genocidas y durante los \u00faltimos 20 a\u00f1os la lucha de Abuelas de Plaza de Mayo les restituy\u00f3 su verdadera identidad.<\/p>\n<p>Quien tambi\u00e9n celebr\u00f3 el cuarto de siglo de H.I.J.O.S fue la vicepresidenta Cristina Fern\u00e1ndez de Kirchner. Con un tweet, los salud\u00f3 como una &#8220;indetenible marea de Memoria contra la impunidad&#8221;. &#8220;Hace 25 a\u00f1os nac\u00eda H.I.J.O.S\u2026. aquel grupo de j\u00f3venes que irrumpi\u00f3 en las calles para reclamar Verdad y Justicia por sus padres y madres\u2026 Indetenible marea de Memoria contra la impunidad&#8221;, twitte\u00f3.<\/p>\n<p>En un breve hilo, la exmandataria defini\u00f3 a la agrupaci\u00f3n como &#8220;una generaci\u00f3n que se hizo cargo del legado de Madres y Abuelas&#8221; de Plaza de Mayo, coincidiendo as\u00ed uno de los objetivos originales de H.I.J.O.S seg\u00fan sus protagonistas. Por \u00faltimo, CFK los salud\u00f3: &#8220;Por muchos m\u00e1s a\u00f1os de militancia y compromiso&#8221;.<\/p>\n<p>El gesto de Fern\u00e1ndez fue recibido por diferentes regionales de H.I.J.O.S, que a trav\u00e9s de sus cuentas en la red social agradecieron el gesto. &#8220;Much\u00edsimas Gracias!! Por todo y por tanto! Abrazo con todo nuestro cari\u00f1o!!&#8221;, apuntaron desde Bah\u00eda Blanca. &#8220;Gracias siempre @CFKArgentina por hacer de las banderas de Memoria, Verdad y Justicia una pol\u00edtica de Estado&#8221;, sumaron desde La Plata.<\/p>\n<p>Al mensaje de la dupla presidencial y al abrazo &#8220;a la distancia&#8221; que dedicaron ayer las Madres de Plaza de Mayo que integran la L\u00ednea Fundadora se sumaron los deseos de Abuelas de Plaza de Mayo. &#8220;Desde Abuelas saludamos con todo el amor a H.I.J.O.S por sus 25 a\u00f1os de lucha. Con los 30.000 como bandera, sigamos compartiendo juntes el camino de la Memoria, la Verdad y la Justicia&#8221;. Desde el colectivo Palotinos por la Memoria, la Verdad y la Justicia felicitaron a les integrantes de la agrupaci\u00f3n y le enviaron &#8220;un afectuoso abrazo&#8221;. &#8220;Porque su causa es la nuestra, nosotros tambi\u00e9n nos ponemos la camiseta&#8221;, pautaron en referencia a una de las campa\u00f1as contra la impunidad de genocidas m\u00e1s conocidas del colectivo de hijos e hijas de desaparecides, preses pol\u00edtiques y exiliades.<\/p>\n","protected":false},"excerpt":{"rendered":"<p>Alberto Fern\u00e1ndez y Cristina Fern\u00e1ndez de Kirchner recordaron en sus redes sociales el cuarto de siglo que cumple hoy la agrupaci\u00f3n. Las felicitaciones de otros organismos &nbsp; &nbsp; El Presidente envi\u00f3 su &#8220;mejor saludo&#8221; y &#8220;todo&#8221; su cari\u00f1o a les integrantes de la agrupaci\u00f3n H.I.J.O.S en el marco de su 25\u00b0 aniversario. &#8220;Es un orgullo que chicos que la pasaron mal, que tuvieron p\u00e9rdidas irreparables hayan tenido la fuerza de unirse, de juntarse, de luchar en busca de la verdad y la justicia&#8221;, dedic\u00f3 Alberto Fern\u00e1ndez en un video que&#8230;<\/p>\n","protected":false},"author":3,"featured_media":54288,"comment_status":"closed","ping_status":"closed","sticky":false,"template":"","format":"standard","meta":[],"categories":[9],"tags":[],"_links":{"self":[{"href":"https:\/\/www.actualidadadiario.com\/index.php\/wp-json\/wp\/v2\/posts\/60218"}],"collection":[{"href":"https:\/\/www.actualidadadiario.com\/index.php\/wp-json\/wp\/v2\/posts"}],"about":[{"href":"https:\/\/www.actualidadadiario.com\/index.php\/wp-json\/wp\/v2\/types\/post"}],"author":[{"embeddable":true,"href":"https:\/\/www.actualidadadiario.com\/index.php\/wp-json\/wp\/v2\/users\/3"}],"replies":[{"embeddable":true,"href":"https:\/\/www.actualidadadiario.com\/index.php\/wp-json\/wp\/v2\/comments?post=60218"}],"version-history":[{"count":1,"href":"https:\/\/www.actualidadadiario.com\/index.php\/wp-json\/wp\/v2\/posts\/60218\/revisions"}],"predecessor-version":[{"id":60219,"href":"https:\/\/www.actualidadadiario.com\/index.php\/wp-json\/wp\/v2\/posts\/60218\/revisions\/60219"}],"wp:featuredmedia":[{"embeddable":true,"href":"https:\/\/www.actualidadadiario.com\/index.php\/wp-json\/wp\/v2\/media\/54288"}],"wp:attachment":[{"href":"https:\/\/www.actualidadadiario.com\/index.php\/wp-json\/wp\/v2\/media?parent=60218"}],"wp:term":[{"taxonomy":"category","embeddable":true,"href":"https:\/\/www.actualidadadiario.com\/index.php\/wp-json\/wp\/v2\/categories?post=60218"},{"taxonomy":"post_tag","embeddable":true,"href":"https:\/\/www.actualidadadiario.com\/index.php\/wp-json\/wp\/v2\/tags?post=60218"}],"curies":[{"name":"wp","href":"https:\/\/api.w.org\/{rel}","templated":true}]}}