{"id":60215,"date":"2020-04-14T17:47:42","date_gmt":"2020-04-14T20:47:42","guid":{"rendered":"https:\/\/www.actualidadadiario.com\/?p=60215"},"modified":"2020-04-14T17:47:42","modified_gmt":"2020-04-14T20:47:42","slug":"provincias-con-foco-en-obra-publica-para-reactivar-empleo","status":"publish","type":"post","link":"https:\/\/www.actualidadadiario.com\/index.php\/2020\/04\/14\/provincias-con-foco-en-obra-publica-para-reactivar-empleo\/","title":{"rendered":"Provincias, con foco en obra p\u00fablica para reactivar empleo"},"content":{"rendered":"<p style=\"text-align: center;\"><em><strong>Con gui\u00f1os de Naci\u00f3n, mandatarios avanzan en restablecer la actividad, tanto en grandes proyectos que estaban frenados como en peque\u00f1os trabajos en municipios que generan mano de obra<\/strong><\/em><\/p>\n<p>&nbsp;<\/p>\n<p>&nbsp;<\/p>\n<p>La nueva fase del aislamiento dispuesto por el Gobierno nacional con m\u00e1s actividades exceptuadas llev\u00f3 a los gobernadores a poner el foco en la obra p\u00fablica como el sector clave para reactivar el empleo en las provincias.<\/p>\n<p>\u201cYa tenemos el 90% de la gente trabajando\u201d, dijo ayer el secretario adjunto de UOCRA en San Juan, Alberto Tovares. \u201cGracias a Dios empezamos a trabajar, se revirti\u00f3 la situaci\u00f3n\u201d, manifest\u00f3 el declaraciones a Radio Sarmiento recogidas por el Diario de Cuyo. En ese sentido, en el distrito gobernado por el peronista Sergio U\u00f1ac recibieron un gui\u00f1o de Naci\u00f3n, que adelant\u00f3 que cancelar\u00e1 una deuda con la provincia de $1.600 millones para reactivar la obra en la Ruta 40 Norte.<\/p>\n<p>Se trata de un reclamo que la gesti\u00f3n sanjuanina hab\u00eda judicializado sobre el final del mandato de Mauricio Macri, y que con el cambio de gobierno canaliz\u00f3 a trav\u00e9s de negociaciones con el ministro de Obras P\u00fablicas Gabriel Katopodis. Con lo cual, ahora San Juan levantar\u00e1 sus demandas judiciales.<\/p>\n<p>Justamente, Katopodis se refiri\u00f3 ayer a la obra p\u00fablica en todo el pa\u00eds. El ministro mencion\u00f3 que \u201cse construye en forma simult\u00e1nea 12 hospitales en varias localidades, reabriendo los hospitales de La Matanza y haciendo obras en todo el territorio todo para sumar camas\u201d. Pero tambi\u00e9n mencion\u00f3 que la Casa Rosada pondr\u00e1 el foco en \u201clas grandes obras paradas, como caminos y obras h\u00eddricas\u201d y tambi\u00e9n en \u201cpeque\u00f1as obras de escala urbana vinculadas a municipios, como pavimento, cunetas, cloacas\u201d. \u201cSon recursos p\u00fablicos para movilizar la actividad econ\u00f3mica que generan mano de obra intensiva y tienen capacidad para generar puestos de trabajo directos de manera r\u00e1pida\u201d, concluy\u00f3.<\/p>\n<p>En R\u00edo Negro, en tanto, desde la administraci\u00f3n de Arabela Carreras se preparan para reimpulsar los proyectos que estaban paralizados. El ministro de Gobierno provincial, Rodrigo Buteler se\u00f1al\u00f3 que tienen \u201cla obligaci\u00f3n de que la obra p\u00fablica contin\u00fae\u201d. En esa l\u00ednea, mencion\u00f3 que trabajan en \u201cestablecer los protocolos sanitarios para que los trabajadores est\u00e9n sanos y seguros y la poblaci\u00f3n donde realice la obra p\u00fablica tambi\u00e9n est\u00e9 sana y segura\u201d, seg\u00fan consign\u00f3 la agencia local ADN R\u00edo Negro.<\/p>\n<p>Tambi\u00e9n en Catamarca, el peronista Ra\u00fal Jalil puso en marcha obras relacionadas con las viviendas y trabajos en municipios, donde tambi\u00e9n se abri\u00f3 la participaci\u00f3n a las cooperativas del interior de la provincia. El ministro de Infraestructura, Eduardo Niederle, asegur\u00f3 el gobernador y los intendentes est\u00e1n centrados en peque\u00f1as obras que generen mano de obra, dijo en declaraciones a El Esqui\u00fa.<\/p>\n<p>En Santa Fe, la C\u00e1mara Argentina de la Construcci\u00f3n se entusiasma con que la reactivaci\u00f3n de la obra p\u00fablica en la provincia gobernada por Omar Perotti (PJ) genere 4.500 empleos directos y otros tantos indirectos, adem\u00e1s del movimiento en la cadena ligada al sector.<\/p>\n","protected":false},"excerpt":{"rendered":"<p>Con gui\u00f1os de Naci\u00f3n, mandatarios avanzan en restablecer la actividad, tanto en grandes proyectos que estaban frenados como en peque\u00f1os trabajos en municipios que generan mano de obra &nbsp; &nbsp; La nueva fase del aislamiento dispuesto por el Gobierno nacional con m\u00e1s actividades exceptuadas llev\u00f3 a los gobernadores a poner el foco en la obra p\u00fablica como el sector clave para reactivar el empleo en las provincias. \u201cYa tenemos el 90% de la gente trabajando\u201d, dijo ayer el secretario adjunto de UOCRA en San Juan, Alberto Tovares. \u201cGracias a Dios&#8230;<\/p>\n","protected":false},"author":3,"featured_media":60216,"comment_status":"closed","ping_status":"closed","sticky":false,"template":"","format":"standard","meta":[],"categories":[2],"tags":[],"_links":{"self":[{"href":"https:\/\/www.actualidadadiario.com\/index.php\/wp-json\/wp\/v2\/posts\/60215"}],"collection":[{"href":"https:\/\/www.actualidadadiario.com\/index.php\/wp-json\/wp\/v2\/posts"}],"about":[{"href":"https:\/\/www.actualidadadiario.com\/index.php\/wp-json\/wp\/v2\/types\/post"}],"author":[{"embeddable":true,"href":"https:\/\/www.actualidadadiario.com\/index.php\/wp-json\/wp\/v2\/users\/3"}],"replies":[{"embeddable":true,"href":"https:\/\/www.actualidadadiario.com\/index.php\/wp-json\/wp\/v2\/comments?post=60215"}],"version-history":[{"count":1,"href":"https:\/\/www.actualidadadiario.com\/index.php\/wp-json\/wp\/v2\/posts\/60215\/revisions"}],"predecessor-version":[{"id":60217,"href":"https:\/\/www.actualidadadiario.com\/index.php\/wp-json\/wp\/v2\/posts\/60215\/revisions\/60217"}],"wp:featuredmedia":[{"embeddable":true,"href":"https:\/\/www.actualidadadiario.com\/index.php\/wp-json\/wp\/v2\/media\/60216"}],"wp:attachment":[{"href":"https:\/\/www.actualidadadiario.com\/index.php\/wp-json\/wp\/v2\/media?parent=60215"}],"wp:term":[{"taxonomy":"category","embeddable":true,"href":"https:\/\/www.actualidadadiario.com\/index.php\/wp-json\/wp\/v2\/categories?post=60215"},{"taxonomy":"post_tag","embeddable":true,"href":"https:\/\/www.actualidadadiario.com\/index.php\/wp-json\/wp\/v2\/tags?post=60215"}],"curies":[{"name":"wp","href":"https:\/\/api.w.org\/{rel}","templated":true}]}}