{"id":60212,"date":"2020-04-14T17:46:55","date_gmt":"2020-04-14T20:46:55","guid":{"rendered":"https:\/\/www.actualidadadiario.com\/?p=60212"},"modified":"2020-04-14T17:46:55","modified_gmt":"2020-04-14T20:46:55","slug":"la-inflacion-de-marzo-fue-de-26-por-ciento-segun-el-iet-umet","status":"publish","type":"post","link":"https:\/\/www.actualidadadiario.com\/index.php\/2020\/04\/14\/la-inflacion-de-marzo-fue-de-26-por-ciento-segun-el-iet-umet\/","title":{"rendered":"La inflaci\u00f3n de marzo fue de 2,6 por ciento seg\u00fan el IET-UMET"},"content":{"rendered":"<p style=\"text-align: center;\"><em><strong>Las alzas estuvieron impulsadas por los rubros educaci\u00f3n y alimentos y bebidas. Se destacaron los incrementos en verduras y carnes. El dato oficial del Indec se dar\u00e1 el mi\u00e9rcoles<\/strong><\/em><\/p>\n<p>&nbsp;<\/p>\n<p>&nbsp;<\/p>\n<p>La inflaci\u00f3n de marzo fue de 2,6 por ciento, impulsada por los incrementos registrados en los rubros Educaci\u00f3n y Alimentos y bebidas. As\u00ed se desprende del informe mensual que realiza el Instituto Estad\u00edstico de los Trabajadores (IET) de la UMET y muestra de esta forma una aceleraci\u00f3n en el \u00edndice, dado que en febrero la inflaci\u00f3n fue de 1,8 por ciento. Con tal porcentaje, acumula un 7,6 por ciento en lo que va de a\u00f1o y un 45,7 por ciento en los \u00faltimos doce meses. El dato oficial ser\u00e1 publicado este mi\u00e9rcoles por el Indec.<\/p>\n<p>Casi el 70 por ciento de la inflaci\u00f3n de marzo se explic\u00f3 por el rubro Educaci\u00f3n, que trep\u00f3 40,5 por ciento por las alzas en colegios privados con el inicio del a\u00f1o escolar. Tambi\u00e9n por Alimentos y bebidas que aument\u00f3 2,9 por ciento, traccionado por subas considerables en verduras y carnes. Por el contrario, el resto de los cap\u00edtulos de la canasta registr\u00f3 incrementos menores al 2 por ciento.<\/p>\n<p>La mayor presi\u00f3n en los precios se sinti\u00f3 en la primera quincena del mes. Se trata del per\u00edodo previo al establecimiento de la cuarentena obligatoria, donde los consumidores aumentaron la demanda de productos esenciales para stockearse durante el aislamiento. \u201cTras la medida gubernamental de retrotraer precios de bienes b\u00e1sicos a los valores del 6 de marzo, diversos rubros experimentaron bajas, como alimentos, productos de limpieza e higiene, lo que contribuy\u00f3 a que la inflaci\u00f3n terminara siendo un tanto m\u00e1s moderada\u201d, establece el informe. Adem\u00e1s, el Ministerio de Desarrollo Productivo estableci\u00f3 un listado de precios m\u00e1ximos y lleva adelante operativos de fiscalizaci\u00f3n de precios en conjunto con la AFIP.<\/p>\n<p>\u201cSi la cadena de suministros de los alimentos se mantiene sin problemas, y los mecanismos de control de precios funcionan satisfactoriamente, la inflaci\u00f3n de los productos m\u00e1s b\u00e1sicos debiera permanecer acotada\u201d, precisa el informe. La misma l\u00f3gica podr\u00eda darse por el freno en la actividad. \u201cPara los pr\u00f3ximos meses, es dable esperar un nuevo sendero descendente, debido a que el dr\u00e1stico parate econ\u00f3mico provocado por la pandemia complicar\u00e1 a que muchas empresas puedan cancelar los salarios que ven\u00edan pagando hasta marzo\u201d, agrega el Instituto.<\/p>\n<p>En tanto, las perspectivas inflacionarias en valores moderados podr\u00e1n ocurrir \u201csiempre y cuando\u201d la macroeconom\u00eda y, en particular, el precio del d\u00f3lar no se desestabilicen. Las variables que deber\u00e1n obrar como ancla inflacionaria, seg\u00fan la proyecci\u00f3n, son el congelamiento en servicios p\u00fablicos y en alquileres.<\/p>\n<p>Por otro lado, el IET-UMET sigue la evoluci\u00f3n del poder de compra de los trabajadores. El salario real creci\u00f3 5,5 por ciento en el primer trimestre del a\u00f1o, por la moderada inflaci\u00f3n de enero y febrero y por los significativos incrementos nominales en el primer mes del a\u00f1o. Con este relevamiento inflacionario, el IET-UMET establece que la inflaci\u00f3n interanual fue en marzo de 45,7 por ciento. &#8220;Si bien es muy elevado en t\u00e9rminos hist\u00f3ricos, se trata del menor registro desde fines de 2018&#8221;, establece el estudio. En 2019 la inflaci\u00f3n fue r\u00e9cord, con una suba generalizada de precios de 53,8 por ciento, la m\u00e1s alta en 28 a\u00f1os.<\/p>\n","protected":false},"excerpt":{"rendered":"<p>Las alzas estuvieron impulsadas por los rubros educaci\u00f3n y alimentos y bebidas. Se destacaron los incrementos en verduras y carnes. El dato oficial del Indec se dar\u00e1 el mi\u00e9rcoles &nbsp; &nbsp; La inflaci\u00f3n de marzo fue de 2,6 por ciento, impulsada por los incrementos registrados en los rubros Educaci\u00f3n y Alimentos y bebidas. As\u00ed se desprende del informe mensual que realiza el Instituto Estad\u00edstico de los Trabajadores (IET) de la UMET y muestra de esta forma una aceleraci\u00f3n en el \u00edndice, dado que en febrero la inflaci\u00f3n fue de 1,8&#8230;<\/p>\n","protected":false},"author":3,"featured_media":60213,"comment_status":"closed","ping_status":"closed","sticky":false,"template":"","format":"standard","meta":[],"categories":[2],"tags":[],"_links":{"self":[{"href":"https:\/\/www.actualidadadiario.com\/index.php\/wp-json\/wp\/v2\/posts\/60212"}],"collection":[{"href":"https:\/\/www.actualidadadiario.com\/index.php\/wp-json\/wp\/v2\/posts"}],"about":[{"href":"https:\/\/www.actualidadadiario.com\/index.php\/wp-json\/wp\/v2\/types\/post"}],"author":[{"embeddable":true,"href":"https:\/\/www.actualidadadiario.com\/index.php\/wp-json\/wp\/v2\/users\/3"}],"replies":[{"embeddable":true,"href":"https:\/\/www.actualidadadiario.com\/index.php\/wp-json\/wp\/v2\/comments?post=60212"}],"version-history":[{"count":1,"href":"https:\/\/www.actualidadadiario.com\/index.php\/wp-json\/wp\/v2\/posts\/60212\/revisions"}],"predecessor-version":[{"id":60214,"href":"https:\/\/www.actualidadadiario.com\/index.php\/wp-json\/wp\/v2\/posts\/60212\/revisions\/60214"}],"wp:featuredmedia":[{"embeddable":true,"href":"https:\/\/www.actualidadadiario.com\/index.php\/wp-json\/wp\/v2\/media\/60213"}],"wp:attachment":[{"href":"https:\/\/www.actualidadadiario.com\/index.php\/wp-json\/wp\/v2\/media?parent=60212"}],"wp:term":[{"taxonomy":"category","embeddable":true,"href":"https:\/\/www.actualidadadiario.com\/index.php\/wp-json\/wp\/v2\/categories?post=60212"},{"taxonomy":"post_tag","embeddable":true,"href":"https:\/\/www.actualidadadiario.com\/index.php\/wp-json\/wp\/v2\/tags?post=60212"}],"curies":[{"name":"wp","href":"https:\/\/api.w.org\/{rel}","templated":true}]}}