{"id":60209,"date":"2020-04-14T17:46:13","date_gmt":"2020-04-14T20:46:13","guid":{"rendered":"https:\/\/www.actualidadadiario.com\/?p=60209"},"modified":"2020-04-14T17:46:13","modified_gmt":"2020-04-14T20:46:13","slug":"gobierno-analiza-pedidos-de-las-provincias-sobre-la-cuarentena","status":"publish","type":"post","link":"https:\/\/www.actualidadadiario.com\/index.php\/2020\/04\/14\/gobierno-analiza-pedidos-de-las-provincias-sobre-la-cuarentena\/","title":{"rendered":"Gobierno analiza pedidos de las provincias sobre la cuarentena"},"content":{"rendered":"<p style=\"text-align: center;\"><em><strong>Una cumbre de ministros inicia la primera reuni\u00f3n para comenzar a estudiar los requerimientos de los distritos para flexibilizar algunas actividades econ\u00f3micas durante el aislamiento obligatorio<\/strong><\/em><\/p>\n<p>&nbsp;<\/p>\n<p>&nbsp;<\/p>\n<p>&nbsp;<\/p>\n<p>La Jefetura de Gabinete estar\u00e1 a cargo de la nueva cuarentena &#8220;administrada&#8221; por orden del Presidente. Hoy un grupo de ministros, junto a Santiago Cafiero, pondr\u00e1n en funcionamiento a la unidad que definir\u00e1 las excepciones que planteen las provincias para &#8220;ampliar o reducir&#8221; el aislamiento social, preventivo y obligatorio.<\/p>\n<p>Desde las 16 horas se reunir\u00e1 la \u201cUnidad de Coordinaci\u00f3n General del Plan Integral para la Prevenci\u00f3n de Eventos de Salud P\u00fablica de Importancia Internacional\u201d, integrada por los titulares de los ministerios de Salud, Interior, Desarrollo Productivo, Econom\u00eda, Trabajo y Relaciones Exteriores.<\/p>\n<p>Seg\u00fan la resoluci\u00f3n 497 publicada hoy en el Bolet\u00edn Oficial,\u00a0 se facult\u00f3 al Jefe de Gabinete de Ministros a que analice el pedido de los Gobernadores a exceptuar del cumplimiento del \u201caislamiento social preventivo y obligatorio\u201d a determinadas actividades y servicios bajo determinados requisitos. Cada caso ser\u00e1 estudiado dependiendo de las circunstancias epidemiol\u00f3gicas.<\/p>\n<p>El Gobierno hab\u00eda pensando la semana pasada en moderar la cuarentena pero antes la recomendaci\u00f3n de los especialistas resolvi\u00f3 extender el plazo hasta el 26 de abril, aunque con la posibilidad de que los distritos que lo requieren puedan solicitar un r\u00e9gimen distinto.<\/p>\n<p>La tercera fase de la cuarentena apunta a los pedidos de los sectores productivos de iniciar de manera gradual las actividades econ\u00f3micas, sobre todo en regiones menos afectadas por los contagios del coronavirus.<\/p>\n","protected":false},"excerpt":{"rendered":"<p>Una cumbre de ministros inicia la primera reuni\u00f3n para comenzar a estudiar los requerimientos de los distritos para flexibilizar algunas actividades econ\u00f3micas durante el aislamiento obligatorio &nbsp; &nbsp; &nbsp; La Jefetura de Gabinete estar\u00e1 a cargo de la nueva cuarentena &#8220;administrada&#8221; por orden del Presidente. Hoy un grupo de ministros, junto a Santiago Cafiero, pondr\u00e1n en funcionamiento a la unidad que definir\u00e1 las excepciones que planteen las provincias para &#8220;ampliar o reducir&#8221; el aislamiento social, preventivo y obligatorio. Desde las 16 horas se reunir\u00e1 la \u201cUnidad de Coordinaci\u00f3n General del&#8230;<\/p>\n","protected":false},"author":3,"featured_media":60210,"comment_status":"closed","ping_status":"closed","sticky":false,"template":"","format":"standard","meta":[],"categories":[2],"tags":[],"_links":{"self":[{"href":"https:\/\/www.actualidadadiario.com\/index.php\/wp-json\/wp\/v2\/posts\/60209"}],"collection":[{"href":"https:\/\/www.actualidadadiario.com\/index.php\/wp-json\/wp\/v2\/posts"}],"about":[{"href":"https:\/\/www.actualidadadiario.com\/index.php\/wp-json\/wp\/v2\/types\/post"}],"author":[{"embeddable":true,"href":"https:\/\/www.actualidadadiario.com\/index.php\/wp-json\/wp\/v2\/users\/3"}],"replies":[{"embeddable":true,"href":"https:\/\/www.actualidadadiario.com\/index.php\/wp-json\/wp\/v2\/comments?post=60209"}],"version-history":[{"count":1,"href":"https:\/\/www.actualidadadiario.com\/index.php\/wp-json\/wp\/v2\/posts\/60209\/revisions"}],"predecessor-version":[{"id":60211,"href":"https:\/\/www.actualidadadiario.com\/index.php\/wp-json\/wp\/v2\/posts\/60209\/revisions\/60211"}],"wp:featuredmedia":[{"embeddable":true,"href":"https:\/\/www.actualidadadiario.com\/index.php\/wp-json\/wp\/v2\/media\/60210"}],"wp:attachment":[{"href":"https:\/\/www.actualidadadiario.com\/index.php\/wp-json\/wp\/v2\/media?parent=60209"}],"wp:term":[{"taxonomy":"category","embeddable":true,"href":"https:\/\/www.actualidadadiario.com\/index.php\/wp-json\/wp\/v2\/categories?post=60209"},{"taxonomy":"post_tag","embeddable":true,"href":"https:\/\/www.actualidadadiario.com\/index.php\/wp-json\/wp\/v2\/tags?post=60209"}],"curies":[{"name":"wp","href":"https:\/\/api.w.org\/{rel}","templated":true}]}}