{"id":60197,"date":"2020-04-14T17:43:09","date_gmt":"2020-04-14T20:43:09","guid":{"rendered":"https:\/\/www.actualidadadiario.com\/?p=60197"},"modified":"2020-04-14T17:43:09","modified_gmt":"2020-04-14T20:43:09","slug":"analizan-extender-el-ingreso-familiar-de-emergencia-mas-alla-de-mayo","status":"publish","type":"post","link":"https:\/\/www.actualidadadiario.com\/index.php\/2020\/04\/14\/analizan-extender-el-ingreso-familiar-de-emergencia-mas-alla-de-mayo\/","title":{"rendered":"Analizan extender el Ingreso Familiar de Emergencia m\u00e1s all\u00e1 de mayo"},"content":{"rendered":"<p style=\"text-align: center;\"><em><strong>&#8220;El Gabinete Econ\u00f3mico estudia distintas alternativas que pueden mantenerlo, transformarlo o complementarlo, como se est\u00e1 haciendo con distintas iniciativas para defender el trabajo y sostener a las pymes&#8221;, afirm\u00f3 el director ejecutivo de la Anses, Alejandro Vanoli<\/strong><\/em><\/p>\n<p>&nbsp;<\/p>\n<p>&nbsp;<\/p>\n<p>El director ejecutivo de la Anses, Alejandro Vanoli, revel\u00f3 que el gobierno nacional eval\u00faa la posibilidad &#8220;mantener, transformar o complementar&#8221; el Ingreso Familiar de Emergencia (IFE), que en una primera etapa alcanzar\u00e1 a 7,8 millones de personas, m\u00e1s all\u00e1 de mayo, como estaba previsto.<\/p>\n<p>&#8220;Si bien ya se contemplaba la posibilidad de extender el Ingreso Familiar de Emergencia a mayo, el Gabinete Econ\u00f3mico estudia distintas alternativas que pueden mantenerlo, transformarlo o complementarlo, como se est\u00e1 haciendo con distintas iniciativas para defender el trabajo y sostener a las pymes&#8221;, asever\u00f3 esta ma\u00f1ana Vanoli.<\/p>\n<p>As\u00ed lo expres\u00f3 en declaraciones que formul\u00f3 a El Destape Radio, en las que indic\u00f3 que &#8220;est\u00e1 claro que la segura duraci\u00f3n de la pandemia y de sus efectos econ\u00f3micos va a exigir que el Estado nacional siga haciendo esfuerzos&#8221;.<\/p>\n<p>Este lunes, el funcionario hab\u00eda consignado que, &#8220;en una primera etapa&#8221; el IFE de 10.000 pesos alcanzar\u00e1 a 7.854.316 beneficiarios e informado que, a partir del 22 de abril, &#8220;los que tengan que actualizar datos&#8221; para ser incluidos en este plan, &#8220;podr\u00e1n hacerlo&#8221;.<\/p>\n<p>&#8220;Lo que est\u00e1 bajo an\u00e1lisis es cu\u00e1les son las mejores herramientas para tratar de llegar de la mejor forma a todos los sectores que lo necesiten&#8221;, puntualiz\u00f3 Vanoli en la entrevista que concedi\u00f3 este martes a El Destape Radio.<\/p>\n<p>Agreg\u00f3 que &#8220;se est\u00e1 tomando conciencia de que el impacto global (de la pandemia de coronavirus) va a ser mucho mayor de lo que se cre\u00eda inicialmente y, por otro lado, que las restricciones se van a extender para cuidar la salud&#8221;.<\/p>\n<p>En ese marco, el titular de la Anses record\u00f3 que &#8220;los n\u00fameros que se hab\u00edan elaborado en los ministerios de Econom\u00eda y de Trabajo daban alrededor de 6 millones de personas, sumando 3,6 millones estimado de econom\u00eda informal m\u00e1s los 2,4 millones de beneficiarios de la Asignaci\u00f3n Universal por Hijo&#8221;.<\/p>\n<p>&#8220;Pero despu\u00e9s de todas las decisiones que se tomaron, como el ingreso de trabajadores de casas particulares y otras situaciones, por ejemplo que tambi\u00e9n accedieran quienes recib\u00edan planes sociales con montos muy bajos, se lleg\u00f3 a un n\u00famero muy importante&#8221;, explic\u00f3 Vanoli.<\/p>\n<p>Para el titular de la Anses, &#8220;estamos ante una doble situaci\u00f3n, por un lado, que haya tantos argentinos que necesitan un alivio del Estado, por la yuxtaposici\u00f3n de una recesi\u00f3n y una crisis heredadas que ven\u00eda de varios a\u00f1os de arrastre en su fase terminal; y por otro, los efectos econ\u00f3micos de la pandemia&#8221;.<\/p>\n<p>Por eso, sostuvo, &#8220;estas medidas, quiz\u00e1s con algunas diferencias, van a tener, si no car\u00e1cter permanente, por lo menos quedarse por un tiempo&#8221;, y entendi\u00f3 que eso &#8220;es un hecho&#8221;.<\/p>\n<p>Vanoli consider\u00f3 que la situaci\u00f3n actual &#8220;no tiene precedente en 90 a\u00f1os, porque la crisis de 2008 fue mucho menor de lo que va a ser esta, con lo cual no hay una respuesta definitiva&#8221;.<\/p>\n<p>Aunque s\u00ed est\u00e1 &#8220;la determinaci\u00f3n de que el Estado va a asistir a quienes m\u00e1s sufren, y defender el trabajo y la producci\u00f3n para evitar que se profundice la crisis&#8221;, remarc\u00f3.<\/p>\n<p>Vanoli sostuvo que &#8220;lo que se discute es cu\u00e1ntos recursos va a haber que poner en marcha para poder movilizar la econom\u00eda, y cu\u00e1ntos sectores van a tener un da\u00f1o m\u00e1s estructural&#8221;.<\/p>\n<p>&#8220;Eso va a definir, si bien es prematuro para ver el efecto total, si algunas pol\u00edticas nuevas van a tener un car\u00e1cter permanente, con algunas modificaciones o en qu\u00e9 medida se pueden ir achicando y tomar medidas m\u00e1s espec\u00edficas para algunos sectores&#8221;, sintetiz\u00f3.<\/p>\n<p>Vanoli admiti\u00f3 que &#8220;el esfuerzo fiscal incrementa el d\u00e9ficit&#8221;, pero evalu\u00f3 que &#8220;la decisi\u00f3n del Gobierno de sostener a la econom\u00eda y a la gente es pol\u00edtica y t\u00e9cnicamente correcta, y socialmente justa&#8221;.<\/p>\n<p>En cuanto a c\u00f3mo financiar las medidas, Vanoli sostuvo que &#8220;es absolutamente justo buscar instrumentos para que aquellos pocos sectores que tienen una gran capacidad contributiva, grandes rentas o grandes patrimonios, de alguna forma contribuyan en esta situaci\u00f3n donde la gran masa atraviesa una situaci\u00f3n muy dif\u00edcil&#8221;.<\/p>\n","protected":false},"excerpt":{"rendered":"<p>&#8220;El Gabinete Econ\u00f3mico estudia distintas alternativas que pueden mantenerlo, transformarlo o complementarlo, como se est\u00e1 haciendo con distintas iniciativas para defender el trabajo y sostener a las pymes&#8221;, afirm\u00f3 el director ejecutivo de la Anses, Alejandro Vanoli &nbsp; &nbsp; El director ejecutivo de la Anses, Alejandro Vanoli, revel\u00f3 que el gobierno nacional eval\u00faa la posibilidad &#8220;mantener, transformar o complementar&#8221; el Ingreso Familiar de Emergencia (IFE), que en una primera etapa alcanzar\u00e1 a 7,8 millones de personas, m\u00e1s all\u00e1 de mayo, como estaba previsto. &#8220;Si bien ya se contemplaba la posibilidad&#8230;<\/p>\n","protected":false},"author":3,"featured_media":60198,"comment_status":"closed","ping_status":"closed","sticky":false,"template":"","format":"standard","meta":[],"categories":[9],"tags":[],"_links":{"self":[{"href":"https:\/\/www.actualidadadiario.com\/index.php\/wp-json\/wp\/v2\/posts\/60197"}],"collection":[{"href":"https:\/\/www.actualidadadiario.com\/index.php\/wp-json\/wp\/v2\/posts"}],"about":[{"href":"https:\/\/www.actualidadadiario.com\/index.php\/wp-json\/wp\/v2\/types\/post"}],"author":[{"embeddable":true,"href":"https:\/\/www.actualidadadiario.com\/index.php\/wp-json\/wp\/v2\/users\/3"}],"replies":[{"embeddable":true,"href":"https:\/\/www.actualidadadiario.com\/index.php\/wp-json\/wp\/v2\/comments?post=60197"}],"version-history":[{"count":1,"href":"https:\/\/www.actualidadadiario.com\/index.php\/wp-json\/wp\/v2\/posts\/60197\/revisions"}],"predecessor-version":[{"id":60199,"href":"https:\/\/www.actualidadadiario.com\/index.php\/wp-json\/wp\/v2\/posts\/60197\/revisions\/60199"}],"wp:featuredmedia":[{"embeddable":true,"href":"https:\/\/www.actualidadadiario.com\/index.php\/wp-json\/wp\/v2\/media\/60198"}],"wp:attachment":[{"href":"https:\/\/www.actualidadadiario.com\/index.php\/wp-json\/wp\/v2\/media?parent=60197"}],"wp:term":[{"taxonomy":"category","embeddable":true,"href":"https:\/\/www.actualidadadiario.com\/index.php\/wp-json\/wp\/v2\/categories?post=60197"},{"taxonomy":"post_tag","embeddable":true,"href":"https:\/\/www.actualidadadiario.com\/index.php\/wp-json\/wp\/v2\/tags?post=60197"}],"curies":[{"name":"wp","href":"https:\/\/api.w.org\/{rel}","templated":true}]}}