{"id":60194,"date":"2020-04-14T17:41:51","date_gmt":"2020-04-14T20:41:51","guid":{"rendered":"https:\/\/www.actualidadadiario.com\/?p=60194"},"modified":"2020-04-14T17:41:51","modified_gmt":"2020-04-14T20:41:51","slug":"detallan-financiamiento-y-beneficios-para-pymes-en-el-marco-de-la-pandemia","status":"publish","type":"post","link":"https:\/\/www.actualidadadiario.com\/index.php\/2020\/04\/14\/detallan-financiamiento-y-beneficios-para-pymes-en-el-marco-de-la-pandemia\/","title":{"rendered":"Detallan financiamiento y beneficios para Pymes en el marco de la pandemia"},"content":{"rendered":"<p style=\"text-align: center;\"><em><strong>Desde el Ministerio de Producci\u00f3n de la provincia se brindaron explicaciones sobre las diferentes l\u00edneas de financiamientos con bajas tasas de inter\u00e9s y beneficios establecidos para peque\u00f1as empresas entrerrianas afectadas por la emergencia del Covid 19<\/strong><\/em><\/p>\n<p>&nbsp;<\/p>\n<p>El secretario de Desarrollo Econ\u00f3mico y Emprendedor del Ministerio de Producci\u00f3n, Pedro Gebhart, particip\u00f3 este martes en la conferencia de prensa virtual que se realiza a diario desde la Casa Gris, y se refiri\u00f3 a las l\u00edneas de financiamiento y ayuda que se establecieron para las pymes entrerrianas en el marco de la cr\u00edtica situaci\u00f3n que atraviesan por la cuarentena.<\/p>\n<p>Record\u00f3 que est\u00e1 disponible una l\u00ednea de financiamiento, a trav\u00e9s de las entidades bancarias con las que opera cada empresa, con tasas de hasta el 24 por ciento. Explic\u00f3 que las empresas directamente deben gestionar y solicitar este cr\u00e9dito ante su entidad financiera.<\/p>\n<p>Agreg\u00f3 que tambi\u00e9n se ha puesto a disposici\u00f3n desde el gobierno un formulario, que se trabaja en conjunto con la Naci\u00f3n, donde se brindan explicaciones de las asistencias que est\u00e1n disponibles.<\/p>\n<p>Asimismo, indic\u00f3 que esas l\u00edneas crediticias tienen garant\u00eda del Fogar, que es un fondo establecidos por la Naci\u00f3n, y agreg\u00f3 que tambi\u00e9n existe un programa de asistencia de emergencia al trabajo ya la producci\u00f3n para el pago de sueldos del mes de abril. Dijo que para acceder a este beneficio las empresas entrerrianas de hasta 100 empleados se pueden inscribir hasta este mi\u00e9rcoles en la p\u00e1gina de AFIP. Explic\u00f3 que el pago es de hasta un salario m\u00ednimo vital y m\u00f3vil y que var\u00eda por cantidad de empleados, hasta 25, hasta 60 o hasta 100 empleados.<\/p>\n<p>Por otro lado, inform\u00f3 que a trav\u00e9s de la p\u00e1gina de AFIP se gestionar la exenci\u00f3n de hasta el 95 por ciento de las contribuciones patronales y se\u00f1al\u00f3 que desde el gobierno nacional se recomienda que todos se inscriban aunque no se encuentren dentro de los requisitos, \u201cporque de esta manera se van a ir informando sobre los diferentes beneficios y l\u00edneas de financiamiento que vayan estando disponibles\u201d.<\/p>\n<p>Record\u00f3 adem\u00e1s que desde el gobierno provincial, a trav\u00e9s de los Ministerios de Producci\u00f3n y Econom\u00eda, se firm\u00f3 un acuerdo con el Banco de Entre R\u00edos, que se encuadra en esa l\u00ednea de financiamiento de tasas hasta el 24 por ciento, con garant\u00eda del Fogar, y dijo que quienes sean clientes o tengan como entidad financiera a este Banco, tienen a disposici\u00f3n estos cr\u00e9ditos con esas facilidades y beneficios.<\/p>\n<p>Adem\u00e1s, inform\u00f3 que el Ministerio de Desarrollo Productivo de la Naci\u00f3n puso a disposici\u00f3n de emprendedores, universidades o entidades de investigaci\u00f3n, un programa de financiamiento, sea a trav\u00e9s de un cr\u00e9dito al 12 por ciento o de un Aporte no Reembolsable, que se puede solicitar a trav\u00e9s del TAS, que es un sistema inform\u00e1tico que se trabaja en conjunto desde el \u00e1rea de Desarrollo Emprendedor del Ministerio de Producci\u00f3n. Detall\u00f3 que esta l\u00ednea es para todas aquellas iniciativas y desarrollos productivos que tengan que ver con el Covid 19.<\/p>\n","protected":false},"excerpt":{"rendered":"<p>Desde el Ministerio de Producci\u00f3n de la provincia se brindaron explicaciones sobre las diferentes l\u00edneas de financiamientos con bajas tasas de inter\u00e9s y beneficios establecidos para peque\u00f1as empresas entrerrianas afectadas por la emergencia del Covid 19 &nbsp; El secretario de Desarrollo Econ\u00f3mico y Emprendedor del Ministerio de Producci\u00f3n, Pedro Gebhart, particip\u00f3 este martes en la conferencia de prensa virtual que se realiza a diario desde la Casa Gris, y se refiri\u00f3 a las l\u00edneas de financiamiento y ayuda que se establecieron para las pymes entrerrianas en el marco de la&#8230;<\/p>\n","protected":false},"author":3,"featured_media":60195,"comment_status":"closed","ping_status":"closed","sticky":false,"template":"","format":"standard","meta":[],"categories":[15],"tags":[],"_links":{"self":[{"href":"https:\/\/www.actualidadadiario.com\/index.php\/wp-json\/wp\/v2\/posts\/60194"}],"collection":[{"href":"https:\/\/www.actualidadadiario.com\/index.php\/wp-json\/wp\/v2\/posts"}],"about":[{"href":"https:\/\/www.actualidadadiario.com\/index.php\/wp-json\/wp\/v2\/types\/post"}],"author":[{"embeddable":true,"href":"https:\/\/www.actualidadadiario.com\/index.php\/wp-json\/wp\/v2\/users\/3"}],"replies":[{"embeddable":true,"href":"https:\/\/www.actualidadadiario.com\/index.php\/wp-json\/wp\/v2\/comments?post=60194"}],"version-history":[{"count":1,"href":"https:\/\/www.actualidadadiario.com\/index.php\/wp-json\/wp\/v2\/posts\/60194\/revisions"}],"predecessor-version":[{"id":60196,"href":"https:\/\/www.actualidadadiario.com\/index.php\/wp-json\/wp\/v2\/posts\/60194\/revisions\/60196"}],"wp:featuredmedia":[{"embeddable":true,"href":"https:\/\/www.actualidadadiario.com\/index.php\/wp-json\/wp\/v2\/media\/60195"}],"wp:attachment":[{"href":"https:\/\/www.actualidadadiario.com\/index.php\/wp-json\/wp\/v2\/media?parent=60194"}],"wp:term":[{"taxonomy":"category","embeddable":true,"href":"https:\/\/www.actualidadadiario.com\/index.php\/wp-json\/wp\/v2\/categories?post=60194"},{"taxonomy":"post_tag","embeddable":true,"href":"https:\/\/www.actualidadadiario.com\/index.php\/wp-json\/wp\/v2\/tags?post=60194"}],"curies":[{"name":"wp","href":"https:\/\/api.w.org\/{rel}","templated":true}]}}