{"id":60191,"date":"2020-04-14T17:41:02","date_gmt":"2020-04-14T20:41:02","guid":{"rendered":"https:\/\/www.actualidadadiario.com\/?p=60191"},"modified":"2020-04-14T17:41:02","modified_gmt":"2020-04-14T20:41:02","slug":"coronavirus-un-paciente-entrerriano-se-encuentra-en-situacion-critica","status":"publish","type":"post","link":"https:\/\/www.actualidadadiario.com\/index.php\/2020\/04\/14\/coronavirus-un-paciente-entrerriano-se-encuentra-en-situacion-critica\/","title":{"rendered":"Coronavirus: un paciente entrerriano \u201cse encuentra en situaci\u00f3n cr\u00edtica\u201d"},"content":{"rendered":"<p style=\"text-align: center;\"><em><strong>Lo inform\u00f3 el director de Epidemiolog\u00eda la Provincia, Diego Garcilazo, en la conferencia de prensa que brind\u00f3 este martes al mediod\u00eda \u00b7 \u201cEst\u00e1 en terapia intensiva con asistencia respiratoria mec\u00e1nica\u201d, precis\u00f3<\/strong><\/em><\/p>\n<p>&nbsp;<\/p>\n<p>&nbsp;<\/p>\n<p>Este martes a las 13 Garcilazo brind\u00f3 m\u00e1s detalles en relaci\u00f3n al \u00faltimo informe epidemiol\u00f3gico de la provincia, brindado este lunes\u00a0 la noche.<\/p>\n<p>\u201cHasta el momento tenemos 21 casos confirmados, nueve pacientes contin\u00faan en estudio y son 308 los pacientes descartados\u201d, indic\u00f3.<\/p>\n<p>\u201cHay un paciente que est\u00e1 en una situaci\u00f3n cr\u00edtica, internado en una unidad de terapia intensiva con asistencia respiratoria mec\u00e1nica, dos pacientes con cuadros moderados, 10 fueron dados de alta y el resto de los pacientes se encuentran en buen estado general o asintom\u00e1ticos\u201d, afirm\u00f3 el funcionario.<\/p>\n<p>Por otra parte, consultado por la prensa Garcilazo hizo una distinci\u00f3n entre los barbijos y los denominados tapabocas: \u201cLos primeros son de uso profesionales y est\u00e1n destinados exclusivamente al personal m\u00e9dico o a los infectados que se encuentran internados, los otros son mascarillas caseras que recomendamos usar sobre todo cuando estamos en lugares cerrados y concurridos, como por ejemplo el transporte p\u00fablico\u201d.<\/p>\n<p>No obstante, indic\u00f3 que las principales recomendaciones siguen siendo \u201ccumplir con el aislamiento social y el lavado de manos\u201d.<\/p>\n<p>Luego destac\u00f3 el estancamiento de los casos que hay en la provincia y resalt\u00f3 el cumplimiento que lo entrerrianos vienen haciendo de la cuarentena\u201d.<\/p>\n","protected":false},"excerpt":{"rendered":"<p>Lo inform\u00f3 el director de Epidemiolog\u00eda la Provincia, Diego Garcilazo, en la conferencia de prensa que brind\u00f3 este martes al mediod\u00eda \u00b7 \u201cEst\u00e1 en terapia intensiva con asistencia respiratoria mec\u00e1nica\u201d, precis\u00f3 &nbsp; &nbsp; Este martes a las 13 Garcilazo brind\u00f3 m\u00e1s detalles en relaci\u00f3n al \u00faltimo informe epidemiol\u00f3gico de la provincia, brindado este lunes\u00a0 la noche. \u201cHasta el momento tenemos 21 casos confirmados, nueve pacientes contin\u00faan en estudio y son 308 los pacientes descartados\u201d, indic\u00f3. \u201cHay un paciente que est\u00e1 en una situaci\u00f3n cr\u00edtica, internado en una unidad de terapia&#8230;<\/p>\n","protected":false},"author":3,"featured_media":60192,"comment_status":"closed","ping_status":"closed","sticky":false,"template":"","format":"standard","meta":[],"categories":[15],"tags":[],"_links":{"self":[{"href":"https:\/\/www.actualidadadiario.com\/index.php\/wp-json\/wp\/v2\/posts\/60191"}],"collection":[{"href":"https:\/\/www.actualidadadiario.com\/index.php\/wp-json\/wp\/v2\/posts"}],"about":[{"href":"https:\/\/www.actualidadadiario.com\/index.php\/wp-json\/wp\/v2\/types\/post"}],"author":[{"embeddable":true,"href":"https:\/\/www.actualidadadiario.com\/index.php\/wp-json\/wp\/v2\/users\/3"}],"replies":[{"embeddable":true,"href":"https:\/\/www.actualidadadiario.com\/index.php\/wp-json\/wp\/v2\/comments?post=60191"}],"version-history":[{"count":1,"href":"https:\/\/www.actualidadadiario.com\/index.php\/wp-json\/wp\/v2\/posts\/60191\/revisions"}],"predecessor-version":[{"id":60193,"href":"https:\/\/www.actualidadadiario.com\/index.php\/wp-json\/wp\/v2\/posts\/60191\/revisions\/60193"}],"wp:featuredmedia":[{"embeddable":true,"href":"https:\/\/www.actualidadadiario.com\/index.php\/wp-json\/wp\/v2\/media\/60192"}],"wp:attachment":[{"href":"https:\/\/www.actualidadadiario.com\/index.php\/wp-json\/wp\/v2\/media?parent=60191"}],"wp:term":[{"taxonomy":"category","embeddable":true,"href":"https:\/\/www.actualidadadiario.com\/index.php\/wp-json\/wp\/v2\/categories?post=60191"},{"taxonomy":"post_tag","embeddable":true,"href":"https:\/\/www.actualidadadiario.com\/index.php\/wp-json\/wp\/v2\/tags?post=60191"}],"curies":[{"name":"wp","href":"https:\/\/api.w.org\/{rel}","templated":true}]}}