{"id":60188,"date":"2020-04-14T17:40:13","date_gmt":"2020-04-14T20:40:13","guid":{"rendered":"https:\/\/www.actualidadadiario.com\/?p=60188"},"modified":"2020-04-14T17:40:13","modified_gmt":"2020-04-14T20:40:13","slug":"la-camara-de-diputados-habilito-un-sistema-para-la-presentacion-virtual-de-proyectos","status":"publish","type":"post","link":"https:\/\/www.actualidadadiario.com\/index.php\/2020\/04\/14\/la-camara-de-diputados-habilito-un-sistema-para-la-presentacion-virtual-de-proyectos\/","title":{"rendered":"La C\u00e1mara de Diputados habilit\u00f3 un sistema para la presentaci\u00f3n virtual de proyectos"},"content":{"rendered":"<p style=\"text-align: center;\"><em><strong>Ante las disposiciones adoptadas para evitar la propagaci\u00f3n del Covid-19, el presidente de la C\u00e1mara Baja, \u00c1ngel Giano, resolvi\u00f3 poner en funcionamiento el Sistema de Presentaci\u00f3n Virtual de Proyectos. Con el objetivo de dar continuidad a la actividad legislativa, las y los diputados podr\u00e1n remitir sus proyectos a trav\u00e9s de la Mesa de Entradas y la Secretar\u00eda del \u00f3rgano<\/strong><\/em><\/p>\n<p>&nbsp;<\/p>\n<p>&nbsp;<\/p>\n<p>\u201cLa tradicional forma de presentaci\u00f3n de proyectos se encuentra limitada a ra\u00edz de las medidas de salud p\u00fablica implementadas por el Gobierno nacional, que cuentan con el acompa\u00f1amiento del Gobierno de la Provincia y a las cuales desde la C\u00e1mara de Diputados hemos adherido\u201d, explic\u00f3 Giano.<\/p>\n<p>\u201cEn este contexto hemos realizado las adecuaciones para poder seguir trabajando, ya sea a trav\u00e9s de plataformas virtuales, videoconferencias y ahora incorporando esta posibilidad concreta para que las y los diputados puedan efectuar la presentaci\u00f3n de sus proyectos\u201d, se\u00f1al\u00f3.<\/p>\n<p>En este sentido, trav\u00e9s de una resoluci\u00f3n de la Presidencia, la C\u00e1mara habilit\u00f3 y puso en funcionamiento el Sistema de Presentaci\u00f3n Virtual de Proyectos. El mimo consiste en la remisi\u00f3n de textos de proyectos de ley, de resoluci\u00f3n, de declaraci\u00f3n o pedidos de informes, presentados digitalmente a Mesa de Entradas, enviados por las y los diputados, para que se inicie el proceso administrativo especial a fin de validar el ingreso y darle continuidad al tr\u00e1mite seg\u00fan corresponda a los fines legislativos.<\/p>\n","protected":false},"excerpt":{"rendered":"<p>Ante las disposiciones adoptadas para evitar la propagaci\u00f3n del Covid-19, el presidente de la C\u00e1mara Baja, \u00c1ngel Giano, resolvi\u00f3 poner en funcionamiento el Sistema de Presentaci\u00f3n Virtual de Proyectos. Con el objetivo de dar continuidad a la actividad legislativa, las y los diputados podr\u00e1n remitir sus proyectos a trav\u00e9s de la Mesa de Entradas y la Secretar\u00eda del \u00f3rgano &nbsp; &nbsp; \u201cLa tradicional forma de presentaci\u00f3n de proyectos se encuentra limitada a ra\u00edz de las medidas de salud p\u00fablica implementadas por el Gobierno nacional, que cuentan con el acompa\u00f1amiento del&#8230;<\/p>\n","protected":false},"author":3,"featured_media":60189,"comment_status":"closed","ping_status":"closed","sticky":false,"template":"","format":"standard","meta":[],"categories":[15],"tags":[],"_links":{"self":[{"href":"https:\/\/www.actualidadadiario.com\/index.php\/wp-json\/wp\/v2\/posts\/60188"}],"collection":[{"href":"https:\/\/www.actualidadadiario.com\/index.php\/wp-json\/wp\/v2\/posts"}],"about":[{"href":"https:\/\/www.actualidadadiario.com\/index.php\/wp-json\/wp\/v2\/types\/post"}],"author":[{"embeddable":true,"href":"https:\/\/www.actualidadadiario.com\/index.php\/wp-json\/wp\/v2\/users\/3"}],"replies":[{"embeddable":true,"href":"https:\/\/www.actualidadadiario.com\/index.php\/wp-json\/wp\/v2\/comments?post=60188"}],"version-history":[{"count":1,"href":"https:\/\/www.actualidadadiario.com\/index.php\/wp-json\/wp\/v2\/posts\/60188\/revisions"}],"predecessor-version":[{"id":60190,"href":"https:\/\/www.actualidadadiario.com\/index.php\/wp-json\/wp\/v2\/posts\/60188\/revisions\/60190"}],"wp:featuredmedia":[{"embeddable":true,"href":"https:\/\/www.actualidadadiario.com\/index.php\/wp-json\/wp\/v2\/media\/60189"}],"wp:attachment":[{"href":"https:\/\/www.actualidadadiario.com\/index.php\/wp-json\/wp\/v2\/media?parent=60188"}],"wp:term":[{"taxonomy":"category","embeddable":true,"href":"https:\/\/www.actualidadadiario.com\/index.php\/wp-json\/wp\/v2\/categories?post=60188"},{"taxonomy":"post_tag","embeddable":true,"href":"https:\/\/www.actualidadadiario.com\/index.php\/wp-json\/wp\/v2\/tags?post=60188"}],"curies":[{"name":"wp","href":"https:\/\/api.w.org\/{rel}","templated":true}]}}