{"id":60183,"date":"2020-04-14T17:38:39","date_gmt":"2020-04-14T20:38:39","guid":{"rendered":"https:\/\/www.actualidadadiario.com\/?p=60183"},"modified":"2020-04-14T17:38:39","modified_gmt":"2020-04-14T20:38:39","slug":"en-la-provincia-se-exigira-el-certificado-unico-habilitante-para-circulacion","status":"publish","type":"post","link":"https:\/\/www.actualidadadiario.com\/index.php\/2020\/04\/14\/en-la-provincia-se-exigira-el-certificado-unico-habilitante-para-circulacion\/","title":{"rendered":"En la provincia se exigir\u00e1 el Certificado \u00danico Habilitante para Circulaci\u00f3n"},"content":{"rendered":"<p style=\"text-align: center;\"><em><strong>En la conferencia de prensa realizada este lunes al mediod\u00eda, la ministra de Gobierno, Rosario Romero, confirm\u00f3 que las fuerzas de seguridad exigir\u00e1n en Entre R\u00edos el certificado \u00fanico nacional para poder circular. No obstante, aclar\u00f3 que habr\u00e1 &#8220;cierta flexibilidad&#8221; con aquellos que ejercen una actividad autorizada pero a\u00fan no lo han descargado<\/strong><\/em><\/p>\n<p>&nbsp;<\/p>\n<p>&nbsp;<\/p>\n<p>El Poder Ejecutivo nacional dispuso a trav\u00e9s de un Decreto de Necesidad y Urgencia (DNU) dispuso un Certificado \u00danico Habilitante para circular en todo el pa\u00eds en el marco de la cuarentena por Covid-19.<\/p>\n<p>De esta forma, los afectados a algunas de las actividades declaradas esenciales durante el aislamiento social preventivo y obligatorio -como el personal funerario, de la obra p\u00fablica, transporte; lavander\u00eda; vigilancia; producci\u00f3n, venta y reparto domiciliario de alimentos o productos de higiene, entre otros- s\u00f3lo podr\u00e1n &#8220;validar esta situaci\u00f3n&#8221;.<\/p>\n<p>Al respecto, la ministra Romero asegur\u00f3 que las fuerzas de seguridad de la provincia ya est\u00e1n exigiendo el Certificado, que reemplaza los emitidos por cada empleador de forma particular.<\/p>\n<p>&#8220;No obstante, y con cierta flexibilidad vinculada con actividades autorizadas por los DNU, si alguna persona no lo baj\u00f3, se le indica que debe hacerlo y se le permite continuar circulando&#8221;, confirm\u00f3 durante la conferencia de prensa que brind\u00f3 este lunes junto a otros funcionarios provinciales.<\/p>\n","protected":false},"excerpt":{"rendered":"<p>En la conferencia de prensa realizada este lunes al mediod\u00eda, la ministra de Gobierno, Rosario Romero, confirm\u00f3 que las fuerzas de seguridad exigir\u00e1n en Entre R\u00edos el certificado \u00fanico nacional para poder circular. No obstante, aclar\u00f3 que habr\u00e1 &#8220;cierta flexibilidad&#8221; con aquellos que ejercen una actividad autorizada pero a\u00fan no lo han descargado &nbsp; &nbsp; El Poder Ejecutivo nacional dispuso a trav\u00e9s de un Decreto de Necesidad y Urgencia (DNU) dispuso un Certificado \u00danico Habilitante para circular en todo el pa\u00eds en el marco de la cuarentena por Covid-19. De&#8230;<\/p>\n","protected":false},"author":3,"featured_media":59992,"comment_status":"closed","ping_status":"closed","sticky":false,"template":"","format":"standard","meta":[],"categories":[15],"tags":[],"_links":{"self":[{"href":"https:\/\/www.actualidadadiario.com\/index.php\/wp-json\/wp\/v2\/posts\/60183"}],"collection":[{"href":"https:\/\/www.actualidadadiario.com\/index.php\/wp-json\/wp\/v2\/posts"}],"about":[{"href":"https:\/\/www.actualidadadiario.com\/index.php\/wp-json\/wp\/v2\/types\/post"}],"author":[{"embeddable":true,"href":"https:\/\/www.actualidadadiario.com\/index.php\/wp-json\/wp\/v2\/users\/3"}],"replies":[{"embeddable":true,"href":"https:\/\/www.actualidadadiario.com\/index.php\/wp-json\/wp\/v2\/comments?post=60183"}],"version-history":[{"count":1,"href":"https:\/\/www.actualidadadiario.com\/index.php\/wp-json\/wp\/v2\/posts\/60183\/revisions"}],"predecessor-version":[{"id":60184,"href":"https:\/\/www.actualidadadiario.com\/index.php\/wp-json\/wp\/v2\/posts\/60183\/revisions\/60184"}],"wp:featuredmedia":[{"embeddable":true,"href":"https:\/\/www.actualidadadiario.com\/index.php\/wp-json\/wp\/v2\/media\/59992"}],"wp:attachment":[{"href":"https:\/\/www.actualidadadiario.com\/index.php\/wp-json\/wp\/v2\/media?parent=60183"}],"wp:term":[{"taxonomy":"category","embeddable":true,"href":"https:\/\/www.actualidadadiario.com\/index.php\/wp-json\/wp\/v2\/categories?post=60183"},{"taxonomy":"post_tag","embeddable":true,"href":"https:\/\/www.actualidadadiario.com\/index.php\/wp-json\/wp\/v2\/tags?post=60183"}],"curies":[{"name":"wp","href":"https:\/\/api.w.org\/{rel}","templated":true}]}}