{"id":60180,"date":"2020-04-14T17:37:51","date_gmt":"2020-04-14T20:37:51","guid":{"rendered":"https:\/\/www.actualidadadiario.com\/?p=60180"},"modified":"2020-04-14T17:37:51","modified_gmt":"2020-04-14T20:37:51","slug":"se-garantiza-el-mantenimiento-de-servicios-en-la-administracion-publica-provincial-durante-la-nueva-etapa-de-aislamiento","status":"publish","type":"post","link":"https:\/\/www.actualidadadiario.com\/index.php\/2020\/04\/14\/se-garantiza-el-mantenimiento-de-servicios-en-la-administracion-publica-provincial-durante-la-nueva-etapa-de-aislamiento\/","title":{"rendered":"Se garantiza el mantenimiento de servicios en la Administraci\u00f3n P\u00fablica Provincial durante la nueva etapa de aislamiento"},"content":{"rendered":"<p style=\"text-align: center;\"><em><strong>El gobernador Gustavo Bordet dispuso el mantenimiento de los servicios en la Administraci\u00f3n P\u00fablica Provincial durante el per\u00edodo del aislamiento social, preventivo y obligatorio, a trav\u00e9s del decreto N\u00ba 521<\/strong><\/em><\/p>\n<p>&nbsp;<\/p>\n<p>&nbsp;<\/p>\n<p>&nbsp;<\/p>\n<p>La norma garantiza, en funci\u00f3n de las obligaciones del Estado en el marco de esta pandemia, el mantenimiento de los servicios b\u00e1sicos en la administraci\u00f3n p\u00fablica entrerriana, de acuerdo a las recomendaciones del Comit\u00e9 Organizaci\u00f3n de Emergencia de Salud.<\/p>\n<p>Se declara adem\u00e1s, inh\u00e1bil a los fines del procedimiento administrativo al per\u00edodo comprendido entre el 13 y el 26 de abril de 2020, excepto los referidos a los procedimientos de selecci\u00f3n del co-contratante estatal bajo la Ley de Contabilidad y Obras P\u00fablicas, los concernientes a las operaciones de cr\u00e9dito p\u00fablico y a los que expresamente se les habilite d\u00eda y hora, a propuesta de las distintas \u00e1reas y ministros.<\/p>\n<p>El decreto faculta a los ministros, secretarios de Estado y al secretario General de la Gobernaci\u00f3n, mediante el dictado de resoluciones, a establecer las medidas necesarias a fin de garantizar el funcionamiento de sus dependencias en el per\u00edodo referido, pudiendo disponer en sus \u00e1mbitos las modalidades bajo las cuales prestar\u00e1n los servicios los agentes responsables, as\u00ed como los lineamientos a seguir para la atenci\u00f3n de situaciones extraordinarias y\/o de urgencia que se susciten, debiendo garantizarse la prestaci\u00f3n de servicios en las Direcciones de Asuntos Jur\u00eddicos, Servicios Contables y Despachos de cada jurisdicci\u00f3n.<\/p>\n<p>Por otra parte, el decreto regula que el personal en guardia pasiva, es decir, aquel que no est\u00e1 afectado al cumplimiento de tareas presenciales en los lugares habituales de prestaci\u00f3n de servicios, deber\u00e1 estar disponible en caso de ser requerido por la superioridad.<\/p>\n<p>A trav\u00e9s de la norma, se dispensa adem\u00e1s, la asistencia a sus lugares de trabajo a las personas de 60 a\u00f1os o mayores, o con factores de riesgo, salvo las declaradas personas esencial o afectadas a actividades cr\u00edticas o de prestaci\u00f3n de servicios indispensables.<\/p>\n<p>Esta dispensa se computar\u00e1 como tiempo de servicio, sin que ello afecte la percepci\u00f3n \u00edntegra de haberes, incluyendo al personal que se encuentre en guardia pasiva.<\/p>\n<p>Por \u00faltimo, invita a los titulares de los Entes Descentralizados, a los Poderes Legislativo y Judicial, a los municipios y comunas a adoptar medidas an\u00e1logas.<\/p>\n","protected":false},"excerpt":{"rendered":"<p>El gobernador Gustavo Bordet dispuso el mantenimiento de los servicios en la Administraci\u00f3n P\u00fablica Provincial durante el per\u00edodo del aislamiento social, preventivo y obligatorio, a trav\u00e9s del decreto N\u00ba 521 &nbsp; &nbsp; &nbsp; La norma garantiza, en funci\u00f3n de las obligaciones del Estado en el marco de esta pandemia, el mantenimiento de los servicios b\u00e1sicos en la administraci\u00f3n p\u00fablica entrerriana, de acuerdo a las recomendaciones del Comit\u00e9 Organizaci\u00f3n de Emergencia de Salud. Se declara adem\u00e1s, inh\u00e1bil a los fines del procedimiento administrativo al per\u00edodo comprendido entre el 13 y el&#8230;<\/p>\n","protected":false},"author":3,"featured_media":60181,"comment_status":"closed","ping_status":"closed","sticky":false,"template":"","format":"standard","meta":[],"categories":[15],"tags":[],"_links":{"self":[{"href":"https:\/\/www.actualidadadiario.com\/index.php\/wp-json\/wp\/v2\/posts\/60180"}],"collection":[{"href":"https:\/\/www.actualidadadiario.com\/index.php\/wp-json\/wp\/v2\/posts"}],"about":[{"href":"https:\/\/www.actualidadadiario.com\/index.php\/wp-json\/wp\/v2\/types\/post"}],"author":[{"embeddable":true,"href":"https:\/\/www.actualidadadiario.com\/index.php\/wp-json\/wp\/v2\/users\/3"}],"replies":[{"embeddable":true,"href":"https:\/\/www.actualidadadiario.com\/index.php\/wp-json\/wp\/v2\/comments?post=60180"}],"version-history":[{"count":1,"href":"https:\/\/www.actualidadadiario.com\/index.php\/wp-json\/wp\/v2\/posts\/60180\/revisions"}],"predecessor-version":[{"id":60182,"href":"https:\/\/www.actualidadadiario.com\/index.php\/wp-json\/wp\/v2\/posts\/60180\/revisions\/60182"}],"wp:featuredmedia":[{"embeddable":true,"href":"https:\/\/www.actualidadadiario.com\/index.php\/wp-json\/wp\/v2\/media\/60181"}],"wp:attachment":[{"href":"https:\/\/www.actualidadadiario.com\/index.php\/wp-json\/wp\/v2\/media?parent=60180"}],"wp:term":[{"taxonomy":"category","embeddable":true,"href":"https:\/\/www.actualidadadiario.com\/index.php\/wp-json\/wp\/v2\/categories?post=60180"},{"taxonomy":"post_tag","embeddable":true,"href":"https:\/\/www.actualidadadiario.com\/index.php\/wp-json\/wp\/v2\/tags?post=60180"}],"curies":[{"name":"wp","href":"https:\/\/api.w.org\/{rel}","templated":true}]}}