{"id":60178,"date":"2020-04-14T17:30:51","date_gmt":"2020-04-14T20:30:51","guid":{"rendered":"https:\/\/www.actualidadadiario.com\/?p=60178"},"modified":"2020-04-14T17:30:51","modified_gmt":"2020-04-14T20:30:51","slug":"en-entre-rios-no-es-obligatorio-el-uso-del-tapa-boca","status":"publish","type":"post","link":"https:\/\/www.actualidadadiario.com\/index.php\/2020\/04\/14\/en-entre-rios-no-es-obligatorio-el-uso-del-tapa-boca\/","title":{"rendered":"En Entre R\u00edos no es obligatorio el uso del tapa boca"},"content":{"rendered":"<p style=\"text-align: center;\"><em><strong>Desde el Ministerio de Salud se inform\u00f3 que en la provincia no es obligatorio el uso de los llamados tapa boca, pero se recomienda utilizarlo en determinadas situaciones, como en el transporte p\u00fablico<\/strong><\/em><\/p>\n<p>&nbsp;<\/p>\n<p>&nbsp;<\/p>\n<p>Se explic\u00f3 adem\u00e1s que el uso de los tapa bocas \u201cno restringe para nada ninguna de las recomendaciones que estamos teniendo y dando todos los d\u00edas respecto al distanciamiento social, al distanciamiento entre las personas, a la importancia de mantener la cuarentena y al lavado de manos&#8221;.<\/p>\n<p>En la conferencia de prensa virtual que se emite diariamente desde la Sala de Periodistas de la Casa Gris, funcionarios del gobierno provincial actualizaron informaci\u00f3n respecto al coronavirus, y brindaron otras explicaciones relacionadas con el tema.<\/p>\n<p>En este sentido, el director de Epidemiolog\u00eda, Diego Garcilazo, aclar\u00f3 que el uso del tapaboca en Entre R\u00edos no es obligatorio pero s\u00ed est\u00e1 recomendado en determinadas circunstancias, como en el transporte p\u00fablico o espacios donde haya varias personas.<\/p>\n<p>Advirti\u00f3 adem\u00e1s que es necesario &#8220;distinguir claramente\u201d entre un barbijo y un tapa bocas y explic\u00f3. \u201cLos barbijos son elementos m\u00e1s profesionales, o sea que utilizan el barbijo quir\u00fargico y la mascarilla N95 principalmente. Y hay que tener bien en claro que esos elementos solamente son exclusivo para personal de salud y aquellos pacientes que puedan llegar a tener s\u00edntomas dentro de una instituci\u00f3n hospitalaria&#8221;.<\/p>\n<p>En referencia a los llamados tapa bocas indic\u00f3 que son las mascarillas caseras y apunt\u00f3 que desde el Comit\u00e9 Operativo de Emergencias (COE) brind\u00f3 recomendaciones sobre su utilizaci\u00f3n. Al respecto inform\u00f3 que no se exige exclusivamente, pero s\u00ed se recomienda su uso principalmente en lugares donde hay muchas personas, como en el transporte p\u00fablico, en colectivos o lugares donde hay muchas personas. \u201cEn ese caso se recomienda el uso. Y b\u00e1sicamente los tapa boca tienen como objetivo disminuir la transmisi\u00f3n de las gotas, tos o estornudo que pueda llegar a contagiar a otras personas&#8221;, detall\u00f3 Garcilazo y apunt\u00f3 que \u201cno hay evidencia clara respecto a qu\u00e9 efecto va a tener sobre la pandemia el uso o no de los tapa bocas&#8221;.<\/p>\n<p>Explic\u00f3 adem\u00e1s que el uso de los tapa bocas \u201cno restringe para nada ninguna de las recomendaciones que estamos teniendo y dando todos los d\u00edas respecto al distanciamiento social, al distanciamiento entre las personas, a la importancia de mantener la cuarentena y al lavado de manos&#8221;.<\/p>\n<p>&nbsp;<\/p>\n<p><strong>Casos y an\u00e1lisis<\/strong><\/p>\n<p>Por otro lado, el funcionario dio cuenta de la situaci\u00f3n epidemiol\u00f3gica en la provincia precis\u00f3 que el lunes no se registraron nuevos casos y que se mantiene en 21 los confirmados de coronavirus. Por otro lado, dijo que nueve pacientes permanecen en estudio, que se han descartado 308 casos sospechosos y que en total se han analizado 338 casos. Agreg\u00f3, que tres pacientes m\u00e1s fueron dados de alta, llegando a 10 en total y apunt\u00f3 que hay un paciente todav\u00eda en situaci\u00f3n cr\u00edtica, internado en la unidad de terapia intensiva con asistencia respiratoria mec\u00e1nica. Adem\u00e1s, dos pacientes est\u00e1n con cuadros moderados y el resto se encuentra en buen estado general o asintom\u00e1tico.<\/p>\n<p>&nbsp;<\/p>\n<p><strong>Curva<\/strong><\/p>\n<p>Sobre la curva de la pandemia, Garcilazo, explic\u00f3 que, gracias a la cuarentena que se ha implementado en tiempo y correctamente en el pa\u00eds, se ha logrado que los casos que se van sucediendo en las \u00faltimas semanas y sobre todo en la \u00faltima, sean sostenidos, siendo que se trata de una enfermedad que se presenta habitualmente con curvas exponenciales. \u201cCon las medidas que tenemos de aislamiento, lo que estamos viendo es una progresi\u00f3n sostenida de los casos. No estamos viendo esa curva exponencial que podr\u00eda haber ocurrido sin haber existido la cuarentena&#8221;, diferenci\u00f3.<\/p>\n","protected":false},"excerpt":{"rendered":"<p>Desde el Ministerio de Salud se inform\u00f3 que en la provincia no es obligatorio el uso de los llamados tapa boca, pero se recomienda utilizarlo en determinadas situaciones, como en el transporte p\u00fablico &nbsp; &nbsp; Se explic\u00f3 adem\u00e1s que el uso de los tapa bocas \u201cno restringe para nada ninguna de las recomendaciones que estamos teniendo y dando todos los d\u00edas respecto al distanciamiento social, al distanciamiento entre las personas, a la importancia de mantener la cuarentena y al lavado de manos&#8221;. En la conferencia de prensa virtual que se&#8230;<\/p>\n","protected":false},"author":3,"featured_media":60119,"comment_status":"closed","ping_status":"closed","sticky":false,"template":"","format":"standard","meta":[],"categories":[9],"tags":[],"_links":{"self":[{"href":"https:\/\/www.actualidadadiario.com\/index.php\/wp-json\/wp\/v2\/posts\/60178"}],"collection":[{"href":"https:\/\/www.actualidadadiario.com\/index.php\/wp-json\/wp\/v2\/posts"}],"about":[{"href":"https:\/\/www.actualidadadiario.com\/index.php\/wp-json\/wp\/v2\/types\/post"}],"author":[{"embeddable":true,"href":"https:\/\/www.actualidadadiario.com\/index.php\/wp-json\/wp\/v2\/users\/3"}],"replies":[{"embeddable":true,"href":"https:\/\/www.actualidadadiario.com\/index.php\/wp-json\/wp\/v2\/comments?post=60178"}],"version-history":[{"count":1,"href":"https:\/\/www.actualidadadiario.com\/index.php\/wp-json\/wp\/v2\/posts\/60178\/revisions"}],"predecessor-version":[{"id":60179,"href":"https:\/\/www.actualidadadiario.com\/index.php\/wp-json\/wp\/v2\/posts\/60178\/revisions\/60179"}],"wp:featuredmedia":[{"embeddable":true,"href":"https:\/\/www.actualidadadiario.com\/index.php\/wp-json\/wp\/v2\/media\/60119"}],"wp:attachment":[{"href":"https:\/\/www.actualidadadiario.com\/index.php\/wp-json\/wp\/v2\/media?parent=60178"}],"wp:term":[{"taxonomy":"category","embeddable":true,"href":"https:\/\/www.actualidadadiario.com\/index.php\/wp-json\/wp\/v2\/categories?post=60178"},{"taxonomy":"post_tag","embeddable":true,"href":"https:\/\/www.actualidadadiario.com\/index.php\/wp-json\/wp\/v2\/tags?post=60178"}],"curies":[{"name":"wp","href":"https:\/\/api.w.org\/{rel}","templated":true}]}}