{"id":60175,"date":"2020-04-14T17:30:08","date_gmt":"2020-04-14T20:30:08","guid":{"rendered":"https:\/\/www.actualidadadiario.com\/?p=60175"},"modified":"2020-04-14T17:30:08","modified_gmt":"2020-04-14T20:30:08","slug":"el-gobierno-acondiciona-18-hospitales-para-atender-casos-de-covid-19","status":"publish","type":"post","link":"https:\/\/www.actualidadadiario.com\/index.php\/2020\/04\/14\/el-gobierno-acondiciona-18-hospitales-para-atender-casos-de-covid-19\/","title":{"rendered":"El gobierno acondiciona 18 hospitales para atender casos de Covid 19"},"content":{"rendered":"<p style=\"text-align: center;\"><em><strong>El gobernador Gustavo Bordet hizo saber que se realizan intervenciones en 18 hospitales de la provincia, a fin de acondicionarlos para atender los casos de covid 19 que se presenten. Se suman inversiones en equipamiento e insumos en el marco de la emergencia sanitaria<\/strong><\/em><\/p>\n<p>&nbsp;<\/p>\n<p>&nbsp;<\/p>\n<p>Junto a la vicegobernadora Laura Stratta, el intendente de Paran\u00e1, Ad\u00e1n Bahl, y la ministra de Salud, Sonia Vel\u00e1zquez, el gobernador recorri\u00f3 este martes el hospital San Mart\u00edn, acompa\u00f1ado por su director, Carlos Bantar, y observ\u00f3 los trabajos encarados a ra\u00edz de la pandemia de coronavirus, adem\u00e1s de otras obras de refacci\u00f3n y ampliaci\u00f3n que se encuentran en ejecuci\u00f3n, como la nueva terapia intensiva y servicios de diagn\u00f3sticos que demandar\u00e1 una inversi\u00f3n superior a los 100 millones de pesos.<\/p>\n<p>\u201cEstamos preparando todo el sistema sanitario para poder enfrentar casos que eventualmente puedan presentarse de covid 19&#8243;, dijo el mandatario y en ese marco precis\u00f3 que &#8220;estamos interviniendo en 18 hospitales de toda la provincia para tenerlos acondicionados, todo un protocolo de acci\u00f3n y algo muy importante que aqu\u00ed en el hospital San Mart\u00edn, que es el de referencia de la provincia, a partir de ma\u00f1ana ya se empezar\u00e1 a trabajar con un protocolo espec\u00edfico aplicado a coronavirus y que tambi\u00e9n hay que decirlo est\u00e1 integrado con toda la red que significa la atenci\u00f3n de salud, tanto p\u00fablica como privada en la ciudad de Paran\u00e1\u201d.<\/p>\n<p>Luego el gobernador sostuvo que \u201ccon el intendente se ha estado trabajando tambi\u00e9n en otras etapas para cuando venga la contenci\u00f3n en caso de que se requiera con el transcurso del tiempo. Si algo nos ha permitido justamente este per\u00edodo de aislamiento, es haber logrado un achatamiento en la curva de crecimiento de los casos para poder tener esta infraestructura que era sumamente necesaria en caso de que cuando llegue el pico se pueda atender correctamente a todos los pacientes\u201d.<\/p>\n<p>\u201cLa inversi\u00f3n que se hace es en 18 hospitales de la provincia y tambi\u00e9n estamos haciendo una fuerte inversi\u00f3n en material para equipamiento, para insumos, por casi 200 millones de pesos para tener todo acondicionado y todo preparado en el momento que se requiera y que llegue el pico\u201d, detall\u00f3.<\/p>\n<p>A modo de balance, el primer mandatario manifest\u00f3 que en &#8220;Entre R\u00edos se trabaj\u00f3 fuertemente, y desde antes que se produzca el caso el primer caso en Argentina. Esto nos permiti\u00f3 ser previsores y hay un trabajo muy articulado e integrado. Un gran equipo de Salud que est\u00e1 al frente de la emergencia, y tambi\u00e9n articulando con los intendentes en cada municipio. Hoy la situaci\u00f3n de Entre R\u00edos es de curva controlada, con 21 casos, y si uno mira lo que nos rodea, donde hay circulaci\u00f3n activa en las provincias vecinas con muchos m\u00e1s casos, nos obliga a redoblar los esfuerzos, por eso hacer una recomendaci\u00f3n que permanentemente hago a la Polic\u00eda de Entre R\u00edos para controlar los cruces camineros porque es muy necesario evitar el flujo innecesario de transporte en la provincia, salvo los que tengan que ver con actividades que est\u00e9n permitidas, como la distribuci\u00f3n alimentaria para llegar a cada una de las mesas de los entrerrianos\u201d.<\/p>\n<p>\u201cEstamos satisfechos con la situaci\u00f3n en Entre R\u00edos, pero muy lejos a\u00fan de estar en una situaci\u00f3n \u00f3ptima. Hay un trabajo realmente comprometido de muchos sectores. Fundamentalmente lo m\u00e1s importante es que la poblaci\u00f3n cumple con las normas de aislamiento social obligatorio&#8221;, concluy\u00f3.<\/p>\n<p>En el hospital San Mart\u00edn se instal\u00f3 una guardia de admisi\u00f3n para la atenci\u00f3n de afecciones respiratorias, con el objetivo de descomprimir la central.<\/p>\n<p>El director del nosocomio, Carlos Bantar, dijo que \u201ceste ser\u00e1 un lugar especializado para la atenci\u00f3n de afecciones respiratorias. Empezamos este mi\u00e9rcoles de 8 a 20 horas. Cualquier persona que se dirija a la guardia central por la puerta principal encontrar\u00e1 un cartel que lo redirige a esta zona para ser atendido por especialistas en afecciones respiratorias. De esa manera uno va a poder separar muy bien los pacientes que podr\u00edan ser potencialmente contagiantes, no s\u00f3lo de coronavirus, sino de gripe o cualquier otra virosis que en el invierno es prevalente. De esa manera se va a poder diferenciar las poblaciones y vamos a poder preservar a aquellas personas que tuvieron la suerte de no haberse infectado\u201d.<\/p>\n<p>Finalmente, indic\u00f3: \u201cEl ingreso es por directamente por calle Pascual Palma. Es una guardia exclusiva de afecciones respiratorias y la otra guardia se mantiene para todas las otras afecciones\u201d.<\/p>\n<p>A su turno, el intendente Bahl se refiri\u00f3 al movimiento que se advierte en la ciudad. &#8220;El control se est\u00e1 haciendo en Paran\u00e1 y en toda la provincia con un esfuerzo y un trabajo concomitante con la Polic\u00eda de Entre R\u00edos, con las fuerzas de seguridad nacional y con todos, pero gran parte de esa responsabilidad est\u00e1 en cada uno de nosotros. Uno puede estar controlando en todas las esquinas, los ingresos a la ciudad, pero lo m\u00e1s importante es que cada uno de nosotros asumamos nuestro rol, que sepamos que la obligaci\u00f3n es quedarse en casa, que tenemos que hacer todo lo necesario y tener en cuenta que cuando nos quedamos en casa estamos contribuyendo en la lucha contra el coronavirus, y tambi\u00e9n estamos cuidando a los que m\u00e1s queremos que es nuestra propia familia\u201d.<\/p>\n<p>\u201cPor lo tanto, todo lo que se est\u00e1 haciendo y todo lo se ha logrado con el esfuerzo del gobierno nacional, provincial y los intendentes, pero especialmente por el esfuerzo de cada uno de los ciudadanos, tenemos que cuidarlo. Tenemos que ser responsable, y la responsabilidad es de todos&#8221;, insisti\u00f3.<\/p>\n<p>Luego opin\u00f3 que &#8220;el paranaense es responsable. No est\u00e1 todo el mundo andando. S\u00ed impacta cuando el movimiento es el que hoy vemos, pero hay mucha gente responsable que est\u00e1 haciendo muchos sacrificios. No solamente qued\u00e1ndose en casa. Hay muchas personas que hoy tienen una actividad comercial que no pueden trabajar, que est\u00e1n preocupados porque no tienen los recursos para pagarles sueldos a sus trabajadores a fin de mes, y est\u00e1n cumpliendo las disposiciones de Salud, del Presidentes y est\u00e1n contribuyendo a esta lucha, pero la responsabilidad es de todos y de cada uno de nosotros\u201d.<\/p>\n<p>Por \u00faltimo, Bahl destac\u00f3 que \u201cel Estado cumple su rol y su obligaci\u00f3n, pero tomemos 30 segundos cada uno de nosotros y hagamos una reflexi\u00f3n si realmente estamos aportando un granito de arena en esta lucha que es contra algo desconocido y para lo que nos estamos preparando y estamos aprendiendo d\u00eda a d\u00eda, pero que indudablemente vamos a poder salir adelante, que sabemos que podremos hacerlo, en la medida que al esfuerzo lo hagamos entre todos&#8221;, concluy\u00f3.<\/p>\n<p>&nbsp;<\/p>\n<p><strong>Otros trabajos<\/strong><\/p>\n<p>Al referirse a las obras en el nosocomio, el ministro de Planeamiento, Marcelo Richard, dijo que \u201ces parte de las planificadas por el gobernador, en consonancia con los ministerios de Salud y de Planeamiento en el marco de la pandemia. Sobre esta necesidad se plante\u00f3 una serie de obras que se suman a las que ya ten\u00edamos en marcha en el hospital y que han consistido en el apuntalamiento de la estructura en el sector central y, paralelamente, sobre la esquina de Pascual Palma y Gualeguaych\u00fa, en una antigua ala, se trabaj\u00f3 en el reacondicionamiento de cuatro salas y pasillos que permitir\u00e1n la atenci\u00f3n de pacientes de mediana complejidad\u201d.<\/p>\n<p>Adem\u00e1s, como parte del plan de reformas y ampliaci\u00f3n del hospital San Mart\u00edn, se contin\u00faa con la ejecuci\u00f3n de la nueva terapia intensiva y servicios de diagn\u00f3sticos, que est\u00e1 avanzada en un 71 por ciento, sumando una inversi\u00f3n total superior a los 100 millones de pesos.<\/p>\n<p>Como parte de esta obra se prev\u00e9 el emplazamiento de una nueva unidad de terapia intensiva en los espacios libres del nosocomio en el sector noroeste del predio. La misma contar\u00e1 con una capacidad para 15 camas, 13 destinadas a pacientes cr\u00edticos y dos para aislados. Actualmente se avanza con ese frente de obra.<\/p>\n<p>Tambi\u00e9n se cuenta con un nuevo ingreso sobre calle Pascual Palma, que vincular\u00e1 la torre de internaci\u00f3n con el \u00e1rea de diagn\u00f3stico y tratamiento que ya est\u00e1 habilitada. Se mejorar\u00e1n las vinculaciones entre \u00e1reas y servicios del lugar lo que permitir\u00e1 adem\u00e1s la ampliaci\u00f3n y refacci\u00f3n de diversos sectores y especialidades tales como kinesiolog\u00eda, traumatolog\u00eda, dependencias para m\u00e9dicos de guardia; alguno de estos sectores hoy ya habilitados.<\/p>\n<p>En cuanto a los servicios complementarios, se establecer\u00e1n \u00e1reas de residuos \u2013 patol\u00f3gicos y comunes \u2013 y sus respectivos dep\u00f3sitos con accesos por calle Gualeguaych\u00fa, desde donde tambi\u00e9n podr\u00e1n acceder los camiones para la carga de los tanques de ox\u00edgeno criog\u00e9nico y la sala de tanques back up que ya se encuentran instalados.<\/p>\n<p>Por otro lado, se han removido los pasillos existentes de chapa, que estaban instalados desde hace much\u00edsimo tiempo, para dar lugar a la construcci\u00f3n de conexiones m\u00e1s adecuadas, acordes a las necesidades de un establecimiento sanitario.<\/p>\n","protected":false},"excerpt":{"rendered":"<p>El gobernador Gustavo Bordet hizo saber que se realizan intervenciones en 18 hospitales de la provincia, a fin de acondicionarlos para atender los casos de covid 19 que se presenten. Se suman inversiones en equipamiento e insumos en el marco de la emergencia sanitaria &nbsp; &nbsp; Junto a la vicegobernadora Laura Stratta, el intendente de Paran\u00e1, Ad\u00e1n Bahl, y la ministra de Salud, Sonia Vel\u00e1zquez, el gobernador recorri\u00f3 este martes el hospital San Mart\u00edn, acompa\u00f1ado por su director, Carlos Bantar, y observ\u00f3 los trabajos encarados a ra\u00edz de la pandemia&#8230;<\/p>\n","protected":false},"author":3,"featured_media":60176,"comment_status":"closed","ping_status":"closed","sticky":false,"template":"","format":"standard","meta":[],"categories":[9],"tags":[],"_links":{"self":[{"href":"https:\/\/www.actualidadadiario.com\/index.php\/wp-json\/wp\/v2\/posts\/60175"}],"collection":[{"href":"https:\/\/www.actualidadadiario.com\/index.php\/wp-json\/wp\/v2\/posts"}],"about":[{"href":"https:\/\/www.actualidadadiario.com\/index.php\/wp-json\/wp\/v2\/types\/post"}],"author":[{"embeddable":true,"href":"https:\/\/www.actualidadadiario.com\/index.php\/wp-json\/wp\/v2\/users\/3"}],"replies":[{"embeddable":true,"href":"https:\/\/www.actualidadadiario.com\/index.php\/wp-json\/wp\/v2\/comments?post=60175"}],"version-history":[{"count":1,"href":"https:\/\/www.actualidadadiario.com\/index.php\/wp-json\/wp\/v2\/posts\/60175\/revisions"}],"predecessor-version":[{"id":60177,"href":"https:\/\/www.actualidadadiario.com\/index.php\/wp-json\/wp\/v2\/posts\/60175\/revisions\/60177"}],"wp:featuredmedia":[{"embeddable":true,"href":"https:\/\/www.actualidadadiario.com\/index.php\/wp-json\/wp\/v2\/media\/60176"}],"wp:attachment":[{"href":"https:\/\/www.actualidadadiario.com\/index.php\/wp-json\/wp\/v2\/media?parent=60175"}],"wp:term":[{"taxonomy":"category","embeddable":true,"href":"https:\/\/www.actualidadadiario.com\/index.php\/wp-json\/wp\/v2\/categories?post=60175"},{"taxonomy":"post_tag","embeddable":true,"href":"https:\/\/www.actualidadadiario.com\/index.php\/wp-json\/wp\/v2\/tags?post=60175"}],"curies":[{"name":"wp","href":"https:\/\/api.w.org\/{rel}","templated":true}]}}