{"id":60162,"date":"2020-04-13T13:40:51","date_gmt":"2020-04-13T16:40:51","guid":{"rendered":"https:\/\/www.actualidadadiario.com\/?p=60162"},"modified":"2020-04-13T13:40:51","modified_gmt":"2020-04-13T16:40:51","slug":"brasil-registro-99-muertos-mas-por-covid-19-en-un-dia-mientras-bolsonaro-se-resiste-a-decretar-la-cuarentena","status":"publish","type":"post","link":"https:\/\/www.actualidadadiario.com\/index.php\/2020\/04\/13\/brasil-registro-99-muertos-mas-por-covid-19-en-un-dia-mientras-bolsonaro-se-resiste-a-decretar-la-cuarentena\/","title":{"rendered":"Brasil registr\u00f3 99 muertos m\u00e1s por Covid-19 en un d\u00eda mientras Bolsonaro se resiste a decretar la cuarentena"},"content":{"rendered":"<p style=\"text-align: center;\"><em><strong>El mandatario brasile\u00f1o Jair Bolsonaro sigue firme en su rechazo a decretar el aislamiento, pese a registrar cerca de un centenar de fallecidos en la \u00faltima jornada. Desde el inicio de la pandemia en el pa\u00eds ya se informaron 1.223 decesos por Covid-19<\/strong><\/em><\/p>\n<p>&nbsp;<\/p>\n<p>&nbsp;<\/p>\n<p>El presidente de Brasil, Jair Bolsonaro, volvi\u00f3 a rechazar este domingo la cuarentena obligatoria como v\u00eda para contener la pandemia de coronavirus, que solo en las \u00faltimas 24 horas dej\u00f3 cerca de 1.442 personas contagiadas y de 99 muertas en el pa\u00eds, el m\u00e1s afectado por la enfermedad en Sudam\u00e9rica y el decimocuarto en todo el mundo.<\/p>\n<p>&#8220;Adem\u00e1s del virus, ahora tambi\u00e9n tenemos el desempleo, fruto de ese `cerr\u00e1 todo\u00b4 y `quedate en casa o te detengo\u00b4&#8221;, escribi\u00f3 el mandatario en sus cuentas en redes sociales.<\/p>\n<p>&#8220;Para toda acci\u00f3n desproporcionada, la reacci\u00f3n tambi\u00e9n es fuerte; el gobierno busca el di\u00e1logo y la soluci\u00f3n para todos los problemas y no apenas para uno&#8221;, agreg\u00f3.<\/p>\n<p>Bolsonaro se opone a decretar la cuarentena obligatoria que le recomend\u00f3 su ministro de Salud, Luiz Mandetta, y que de todos modos ya dispusieron casi todos los gobernadores de los estados federados.<\/p>\n<p>Por ese motivo, la semana pasada estuvo a punto de despedir a Mandetta pero dio marcha atr\u00e1s al comprobar la oposici\u00f3n de casi todo el gabinete y de los presidentes de las dos c\u00e1maras el Congreso.<\/p>\n<p>Brasil registr\u00f3 1.442 casos confirmados de coronavirus y 99 fallecimientos por la enfermedad en las \u00faltimas 24 horas, lo que elev\u00f3 el c\u00f3mputo total a 22.169 contagios y 1.223 decesos, inform\u00f3 esta tarde el Ministerio de Salud en un comunicado citado por la agencia de noticias EFE.<\/p>\n<p>De ese modo, Brasil sigue siendo el primer pa\u00eds en Sudam\u00e9rica y el decimocuarto en todo el mundo con mayor cantidad de casos de coronavirus, seg\u00fan la base de datos en l\u00ednea de la universidad estadounidense Johns Hopkins.<\/p>\n","protected":false},"excerpt":{"rendered":"<p>El mandatario brasile\u00f1o Jair Bolsonaro sigue firme en su rechazo a decretar el aislamiento, pese a registrar cerca de un centenar de fallecidos en la \u00faltima jornada. Desde el inicio de la pandemia en el pa\u00eds ya se informaron 1.223 decesos por Covid-19 &nbsp; &nbsp; El presidente de Brasil, Jair Bolsonaro, volvi\u00f3 a rechazar este domingo la cuarentena obligatoria como v\u00eda para contener la pandemia de coronavirus, que solo en las \u00faltimas 24 horas dej\u00f3 cerca de 1.442 personas contagiadas y de 99 muertas en el pa\u00eds, el m\u00e1s afectado&#8230;<\/p>\n","protected":false},"author":3,"featured_media":59622,"comment_status":"closed","ping_status":"closed","sticky":false,"template":"","format":"standard","meta":[],"categories":[4],"tags":[],"_links":{"self":[{"href":"https:\/\/www.actualidadadiario.com\/index.php\/wp-json\/wp\/v2\/posts\/60162"}],"collection":[{"href":"https:\/\/www.actualidadadiario.com\/index.php\/wp-json\/wp\/v2\/posts"}],"about":[{"href":"https:\/\/www.actualidadadiario.com\/index.php\/wp-json\/wp\/v2\/types\/post"}],"author":[{"embeddable":true,"href":"https:\/\/www.actualidadadiario.com\/index.php\/wp-json\/wp\/v2\/users\/3"}],"replies":[{"embeddable":true,"href":"https:\/\/www.actualidadadiario.com\/index.php\/wp-json\/wp\/v2\/comments?post=60162"}],"version-history":[{"count":1,"href":"https:\/\/www.actualidadadiario.com\/index.php\/wp-json\/wp\/v2\/posts\/60162\/revisions"}],"predecessor-version":[{"id":60163,"href":"https:\/\/www.actualidadadiario.com\/index.php\/wp-json\/wp\/v2\/posts\/60162\/revisions\/60163"}],"wp:featuredmedia":[{"embeddable":true,"href":"https:\/\/www.actualidadadiario.com\/index.php\/wp-json\/wp\/v2\/media\/59622"}],"wp:attachment":[{"href":"https:\/\/www.actualidadadiario.com\/index.php\/wp-json\/wp\/v2\/media?parent=60162"}],"wp:term":[{"taxonomy":"category","embeddable":true,"href":"https:\/\/www.actualidadadiario.com\/index.php\/wp-json\/wp\/v2\/categories?post=60162"},{"taxonomy":"post_tag","embeddable":true,"href":"https:\/\/www.actualidadadiario.com\/index.php\/wp-json\/wp\/v2\/tags?post=60162"}],"curies":[{"name":"wp","href":"https:\/\/api.w.org\/{rel}","templated":true}]}}