{"id":60160,"date":"2020-04-13T13:40:03","date_gmt":"2020-04-13T16:40:03","guid":{"rendered":"https:\/\/www.actualidadadiario.com\/?p=60160"},"modified":"2020-04-13T13:40:03","modified_gmt":"2020-04-13T16:40:03","slug":"papa-francisco-este-no-es-el-tiempo-de-la-indiferencia","status":"publish","type":"post","link":"https:\/\/www.actualidadadiario.com\/index.php\/2020\/04\/13\/papa-francisco-este-no-es-el-tiempo-de-la-indiferencia\/","title":{"rendered":"Papa Francisco: \u201cEste no es el tiempo de la indiferencia\u201d"},"content":{"rendered":"<p style=\"text-align: center;\"><em><strong>El Sumo Pont\u00edfice celebr\u00f3 el Domingo de Resurrecci\u00f3n en la Bas\u00edlica de San Pedro e hizo una profunda reflexi\u00f3n en tiempos de coronavirus<\/strong><\/em><\/p>\n<p>&nbsp;<\/p>\n<p>&nbsp;<\/p>\n<p>El papa Francisco celebr\u00f3 en la Bas\u00edlica de San Pedro la misa del Domingo de Resurrecci\u00f3n y luego de esta ceremonia or\u00f3 por el mundo entero e imparti\u00f3 su bendici\u00f3n Urbi et Urbi a la humanidad en este momento cr\u00edtico que atraviesa a causa de la propagaci\u00f3n del coronavirus. En primer lugar, el Sumo Pont\u00edfice hizo menci\u00f3n de las personas que est\u00e1n sufriendo p\u00e9rdidas a causa de esta pandemia.<\/p>\n<p>\u201cHoy pienso sobre todo en los que han sido afectados directamente por el coronavirus\u201d, declar\u00f3 el papa y agreg\u00f3: \u201cQue el Se\u00f1or de la vida acoja consigo en su reino a los difuntos, y d\u00e9 consuelo y esperanza a quienes a\u00fan est\u00e1n atravesando la prueba, especialmente a los ancianos y a las personas que est\u00e1n solas. Que conceda su consolaci\u00f3n\u201d. En este punto, tambi\u00e9n resalt\u00f3 la labor del personal sanitario y a todas las personas con trabajos esenciales del mundo.<\/p>\n<p>&nbsp;<\/p>\n<p><strong>La reflexi\u00f3n del Sumo Pont\u00edfice este Domingo de Resurrecci\u00f3n<\/strong><\/p>\n<p>En este contexto at\u00edpico, con una Bas\u00edlica despoblada, Francisco hizo una profunda reflexi\u00f3n sobre los cambios que ha generado esta enfermedad en el mundo y les hizo un pedido expreso a sus fieles. \u201cEsta enfermedad no s\u00f3lo nos est\u00e1 privando de los afectos, sino tambi\u00e9n de la posibilidad de recurrir en persona al consuelo que brota de los sacramentos, especialmente de la Eucarist\u00eda y la Reconciliaci\u00f3n\u201d, manifest\u00f3.<\/p>\n<p>En este punto, se refiri\u00f3 a la crisis econ\u00f3mica, sanitaria y pol\u00edtica que atraviesan diversos pa\u00edses. El Papa se mostr\u00f3 cercano a quienes est\u00e1n enfrentando un futuro incierto y que temen perder sus trabajos y a las consecuencias que estos hechos generan. Tambi\u00e9n demostr\u00f3 todo su apoyo a quienes toman decisiones pol\u00edticas y los invit\u00f3 a que \u201cencarnen la b\u00fasqueda del bien para permitir que todos puedan tener una vida digna y favorecer, cuando las circunstancias lo permitan, la reanudaci\u00f3n de las habituales actividades cotidianas\u201d.<\/p>\n<p>&nbsp;<\/p>\n<p><strong>El pedido del Papa a la clase pol\u00edtica<\/strong><\/p>\n<p>En este marco, el Sumo Pont\u00edfice remarc\u00f3 que: \u201cEste no es el tiempo de la indiferencia, porque el mundo entero est\u00e1 sufriendo y tiene que estar unido para afrontar la pandemia. Que Jes\u00fas resucitado conceda esperanza a todos los pobres, a quienes viven en las periferias, a los pr\u00f3fugos y a los que no tienen un hogar. Que estos hermanos y hermanas m\u00e1s d\u00e9biles, que habitan en las ciudades y periferias de cada rinc\u00f3n del mundo, no se sientan solos\u201d.<\/p>\n<p>Por \u00faltimo, le pidi\u00f3 a la clase pol\u00edtica que \u201cno le falten los bienes de primera necesidad a los pobres, a los presos y a los que no tienen un hogar\u201d. Y, para concluir, en el caso de los pa\u00edses con deuda externa, resalt\u00f3 que \u201cse relajen las sanciones internacionales de los pa\u00edses afectados, que les impiden ofrecer a los propios ciudadanos una ayuda adecuada\u201d.<\/p>\n<p>La OMS alerta que un levantamiento apresurado de la cuarentena puede derivar en un &#8220;letal resurgimiento del contagio&#8221;<\/p>\n","protected":false},"excerpt":{"rendered":"<p>El Sumo Pont\u00edfice celebr\u00f3 el Domingo de Resurrecci\u00f3n en la Bas\u00edlica de San Pedro e hizo una profunda reflexi\u00f3n en tiempos de coronavirus &nbsp; &nbsp; El papa Francisco celebr\u00f3 en la Bas\u00edlica de San Pedro la misa del Domingo de Resurrecci\u00f3n y luego de esta ceremonia or\u00f3 por el mundo entero e imparti\u00f3 su bendici\u00f3n Urbi et Urbi a la humanidad en este momento cr\u00edtico que atraviesa a causa de la propagaci\u00f3n del coronavirus. En primer lugar, el Sumo Pont\u00edfice hizo menci\u00f3n de las personas que est\u00e1n sufriendo p\u00e9rdidas a&#8230;<\/p>\n","protected":false},"author":3,"featured_media":12818,"comment_status":"closed","ping_status":"closed","sticky":false,"template":"","format":"standard","meta":[],"categories":[4],"tags":[],"_links":{"self":[{"href":"https:\/\/www.actualidadadiario.com\/index.php\/wp-json\/wp\/v2\/posts\/60160"}],"collection":[{"href":"https:\/\/www.actualidadadiario.com\/index.php\/wp-json\/wp\/v2\/posts"}],"about":[{"href":"https:\/\/www.actualidadadiario.com\/index.php\/wp-json\/wp\/v2\/types\/post"}],"author":[{"embeddable":true,"href":"https:\/\/www.actualidadadiario.com\/index.php\/wp-json\/wp\/v2\/users\/3"}],"replies":[{"embeddable":true,"href":"https:\/\/www.actualidadadiario.com\/index.php\/wp-json\/wp\/v2\/comments?post=60160"}],"version-history":[{"count":1,"href":"https:\/\/www.actualidadadiario.com\/index.php\/wp-json\/wp\/v2\/posts\/60160\/revisions"}],"predecessor-version":[{"id":60161,"href":"https:\/\/www.actualidadadiario.com\/index.php\/wp-json\/wp\/v2\/posts\/60160\/revisions\/60161"}],"wp:featuredmedia":[{"embeddable":true,"href":"https:\/\/www.actualidadadiario.com\/index.php\/wp-json\/wp\/v2\/media\/12818"}],"wp:attachment":[{"href":"https:\/\/www.actualidadadiario.com\/index.php\/wp-json\/wp\/v2\/media?parent=60160"}],"wp:term":[{"taxonomy":"category","embeddable":true,"href":"https:\/\/www.actualidadadiario.com\/index.php\/wp-json\/wp\/v2\/categories?post=60160"},{"taxonomy":"post_tag","embeddable":true,"href":"https:\/\/www.actualidadadiario.com\/index.php\/wp-json\/wp\/v2\/tags?post=60160"}],"curies":[{"name":"wp","href":"https:\/\/api.w.org\/{rel}","templated":true}]}}