{"id":60157,"date":"2020-04-13T13:39:06","date_gmt":"2020-04-13T16:39:06","guid":{"rendered":"https:\/\/www.actualidadadiario.com\/?p=60157"},"modified":"2020-04-13T13:39:06","modified_gmt":"2020-04-13T16:39:06","slug":"cafiero-recibe-en-la-casa-rosada-a-empresas-del-sector-de-la-salud","status":"publish","type":"post","link":"https:\/\/www.actualidadadiario.com\/index.php\/2020\/04\/13\/cafiero-recibe-en-la-casa-rosada-a-empresas-del-sector-de-la-salud\/","title":{"rendered":"Cafiero recibe en la Casa Rosada a empresas del sector de la salud"},"content":{"rendered":"<p style=\"text-align: center;\"><em><strong>La reuni\u00f3n est\u00e1 prevista para las 15 en el Sal\u00f3n Eva Per\u00f3n, de Casa de Gobierno<\/strong><\/em><\/p>\n<p>&nbsp;<\/p>\n<p>&nbsp;<\/p>\n<p>El jefe de Gabinete, Santiago Cafiero, encabezar\u00e1 esta tarde una reuni\u00f3n con empresas del sector de la salud, con el fin de &#8220;avanzar en una agenda pro activa&#8221; en el marco de la organizaci\u00f3n de la red sanitaria para afrontar la pandemia de coronavirus, informaron a T\u00e9lam fuentes oficiales.<\/p>\n<p>El encuentro -del que participar\u00e1n los ministros de Salud, Gin\u00e9s Gonz\u00e1lez Garc\u00eda; de Desarrollo Productivo, Mat\u00edas Kulfas; y de Trabajo, Claudio Moroni, como as\u00ed tambi\u00e9n la titular de la Afip, Mercedes Marc\u00f3 del Pont- tiene el objetivo de &#8220;avanzar en una agenda pro activa con un sector clave en medio de la pandemia\u201d, a\u00f1adieron las fuentes.<\/p>\n<p>La reuni\u00f3n est\u00e1 prevista para las 15 en el Sal\u00f3n Eva Per\u00f3n, de Casa de Gobierno.<\/p>\n","protected":false},"excerpt":{"rendered":"<p>La reuni\u00f3n est\u00e1 prevista para las 15 en el Sal\u00f3n Eva Per\u00f3n, de Casa de Gobierno &nbsp; &nbsp; El jefe de Gabinete, Santiago Cafiero, encabezar\u00e1 esta tarde una reuni\u00f3n con empresas del sector de la salud, con el fin de &#8220;avanzar en una agenda pro activa&#8221; en el marco de la organizaci\u00f3n de la red sanitaria para afrontar la pandemia de coronavirus, informaron a T\u00e9lam fuentes oficiales. El encuentro -del que participar\u00e1n los ministros de Salud, Gin\u00e9s Gonz\u00e1lez Garc\u00eda; de Desarrollo Productivo, Mat\u00edas Kulfas; y de Trabajo, Claudio Moroni, como&#8230;<\/p>\n","protected":false},"author":3,"featured_media":60158,"comment_status":"closed","ping_status":"closed","sticky":false,"template":"","format":"standard","meta":[],"categories":[18],"tags":[],"_links":{"self":[{"href":"https:\/\/www.actualidadadiario.com\/index.php\/wp-json\/wp\/v2\/posts\/60157"}],"collection":[{"href":"https:\/\/www.actualidadadiario.com\/index.php\/wp-json\/wp\/v2\/posts"}],"about":[{"href":"https:\/\/www.actualidadadiario.com\/index.php\/wp-json\/wp\/v2\/types\/post"}],"author":[{"embeddable":true,"href":"https:\/\/www.actualidadadiario.com\/index.php\/wp-json\/wp\/v2\/users\/3"}],"replies":[{"embeddable":true,"href":"https:\/\/www.actualidadadiario.com\/index.php\/wp-json\/wp\/v2\/comments?post=60157"}],"version-history":[{"count":1,"href":"https:\/\/www.actualidadadiario.com\/index.php\/wp-json\/wp\/v2\/posts\/60157\/revisions"}],"predecessor-version":[{"id":60159,"href":"https:\/\/www.actualidadadiario.com\/index.php\/wp-json\/wp\/v2\/posts\/60157\/revisions\/60159"}],"wp:featuredmedia":[{"embeddable":true,"href":"https:\/\/www.actualidadadiario.com\/index.php\/wp-json\/wp\/v2\/media\/60158"}],"wp:attachment":[{"href":"https:\/\/www.actualidadadiario.com\/index.php\/wp-json\/wp\/v2\/media?parent=60157"}],"wp:term":[{"taxonomy":"category","embeddable":true,"href":"https:\/\/www.actualidadadiario.com\/index.php\/wp-json\/wp\/v2\/categories?post=60157"},{"taxonomy":"post_tag","embeddable":true,"href":"https:\/\/www.actualidadadiario.com\/index.php\/wp-json\/wp\/v2\/tags?post=60157"}],"curies":[{"name":"wp","href":"https:\/\/api.w.org\/{rel}","templated":true}]}}