{"id":60153,"date":"2020-04-13T13:37:47","date_gmt":"2020-04-13T16:37:47","guid":{"rendered":"https:\/\/www.actualidadadiario.com\/?p=60153"},"modified":"2020-04-13T13:37:47","modified_gmt":"2020-04-13T16:37:47","slug":"corte-suprema-extiende-la-feria-sin-modificaciones","status":"publish","type":"post","link":"https:\/\/www.actualidadadiario.com\/index.php\/2020\/04\/13\/corte-suprema-extiende-la-feria-sin-modificaciones\/","title":{"rendered":"Corte Suprema extiende la &#8220;feria&#8221;, sin modificaciones"},"content":{"rendered":"<p style=\"text-align: center;\"><em><strong>Mantiene turnos y guardias respecto a causas &#8220;especiales&#8221;, y donde est\u00e9 en juego el derecho a la salud. Firmaron tres jueces, pero con acuerdo un\u00e1nime. Vigencia hasta el 26, sin horizonte de &#8220;normalizaci\u00f3n&#8221;, todav\u00eda<\/strong><\/em><\/p>\n<p>&nbsp;<\/p>\n<p>&nbsp;<\/p>\n<p>La Corte Suprema extendi\u00f3 la cuarentena para el Poder Judicial en \u201cespejo\u201d a lo resuelto por el Poder Ejecutivo hasta el 26 de abril, a trav\u00e9s de una acordada que firm\u00f3 hoy domingo por la ma\u00f1ana, en acuerdo especial. No hubo modificaciones a las restricciones que fij\u00f3 para establecer una feria extraordinaria por motivos sanitarios y se mantiene la estricta coordinaci\u00f3n a lo que se resuelve desde Olivos, en el marco de la crisis por el Coronavirus. La firma de la Acordada N\u00b010 aguard\u00f3 la oficializaci\u00f3n del DNU que el Gobierno anunci\u00f3 el viernes por la noche, y que extiende casi hasta fin de mes el aislamiento obligatorio, sin considerar nuevas excepciones. La Acordada no tuvo cambios y extiende la situaci\u00f3n de emergencia hasta el 26 de abril, inclusive.<\/p>\n<p>Firmada por Carlos Rosenkrantz, Elena Highton de Nolasco y Juan Carlos Maqueda, pero con acuerdo t\u00e1cito tambi\u00e9n de Horacio Rosatti y Ricardo Lorenzetti se puso en marcha la tercera etapa del aislamiento, tambi\u00e9n para el Poder Judicial, sin modificaciones en el dise\u00f1o de prioridades. La saga completa las acordadas 6, 7, 8 y 9 que configuraron el actual panorama de emergencia. El \u00e9nfasis seguir\u00e1 puesto s\u00f3lo en el tratamiento de cuestiones que no admitan demora, relacionadas con detenciones, violencia urbana y dom\u00e9stica, delitos contra la salud p\u00fablica (con los que se sanciona a quienes infrinjan dos art\u00edculos del C\u00f3digo Penal), delitos migratorios, interrupci\u00f3n de comunicaciones, aprovechamiento de calamidad, habeas corpus y delitos contra la seguridad p\u00fablica, amparos de salud, entre otros. Como autoridad de feria, la Corte renov\u00f3 a Carlos Rosenkrantz al frente de lo que ocurra en el cuarto piso del Palacio de Tribunales durante este per\u00edodo, que seguir\u00e1 secundado por el secretario Dami\u00e1n Font \u2013uno de los m\u00e1s especializados y antiguos en el m\u00e1ximo Tribunal, hasta el 13 de abril. Luego, ser\u00e1 reemplazado por Sergio N\u00e1poli hasta la fecha, presunta, de finalizaci\u00f3n de la cuarentena que fij\u00f3 el Ejecutivo. El \u00fanico punto que se enfatiz\u00f3 respecto a los enumerados anteriormente como prioritarios fueron \u201clas causas en las que se encuentre en juego el derecho a la salud y a la protecci\u00f3n de personas con discapacidad\u201d, lo que permitir\u00e1 habilitar el giro de pagos por estas cuestiones. Cada C\u00e1mara tendr\u00e1 que nuevamente disponer dentro de sus facultades de superintendencia de los turnos, personal y herramientas para sostener las guardias y el trabajo remoto, tal como ven\u00eda ocurriendo hasta hoy.<\/p>\n<p>Se cit\u00f3 el DNU 355\/2020 que reci\u00e9n ayer por la tarde fue protocolizado por el Ejecutivo, tras los anuncios del viernes. La Corte aguardaba la formalizaci\u00f3n para avanzar en la medida que ten\u00eda preparada para cuando se efectivizara la pr\u00f3rroga desde Olivos. Pero reci\u00e9n esta ma\u00f1ana fue firmado el texto por los ministros.<\/p>\n<p>Las autoridades sanitarias nunca evaluaron ning\u00fan tipo de recomendaci\u00f3n para que sectores particulares de la administraci\u00f3n de justicia retornen a la actividad de manera normal. Un detalle no menor: en torno al Palacio de Tribunales se concentran una gran cantidad de juzgados en un radio relativamente acotado, lo que garantiza un tr\u00e1nsito importante de personas, que adem\u00e1s utilizan transporte p\u00fablico, precisamente lo que se intenta evitar como medida de asilamiento para evitar la propagaci\u00f3n del virus. En un segundo plano queda el reclamo de la abogac\u00eda (que en un principio hab\u00eda presionado para que dicte una feria judicial) y que ahora vuelve sobre sus pasos ante las limitaciones a su actividad que ofrece la pr\u00f3rroga de la cuarentena. De hecho, la FACA breg\u00f3 por una normalizaci\u00f3n pronta, en representaci\u00f3n de los abogados del interior del pa\u00eds.<\/p>\n","protected":false},"excerpt":{"rendered":"<p>Mantiene turnos y guardias respecto a causas &#8220;especiales&#8221;, y donde est\u00e9 en juego el derecho a la salud. Firmaron tres jueces, pero con acuerdo un\u00e1nime. Vigencia hasta el 26, sin horizonte de &#8220;normalizaci\u00f3n&#8221;, todav\u00eda &nbsp; &nbsp; La Corte Suprema extendi\u00f3 la cuarentena para el Poder Judicial en \u201cespejo\u201d a lo resuelto por el Poder Ejecutivo hasta el 26 de abril, a trav\u00e9s de una acordada que firm\u00f3 hoy domingo por la ma\u00f1ana, en acuerdo especial. No hubo modificaciones a las restricciones que fij\u00f3 para establecer una feria extraordinaria por motivos&#8230;<\/p>\n","protected":false},"author":3,"featured_media":51057,"comment_status":"closed","ping_status":"closed","sticky":false,"template":"","format":"standard","meta":[],"categories":[18],"tags":[],"_links":{"self":[{"href":"https:\/\/www.actualidadadiario.com\/index.php\/wp-json\/wp\/v2\/posts\/60153"}],"collection":[{"href":"https:\/\/www.actualidadadiario.com\/index.php\/wp-json\/wp\/v2\/posts"}],"about":[{"href":"https:\/\/www.actualidadadiario.com\/index.php\/wp-json\/wp\/v2\/types\/post"}],"author":[{"embeddable":true,"href":"https:\/\/www.actualidadadiario.com\/index.php\/wp-json\/wp\/v2\/users\/3"}],"replies":[{"embeddable":true,"href":"https:\/\/www.actualidadadiario.com\/index.php\/wp-json\/wp\/v2\/comments?post=60153"}],"version-history":[{"count":1,"href":"https:\/\/www.actualidadadiario.com\/index.php\/wp-json\/wp\/v2\/posts\/60153\/revisions"}],"predecessor-version":[{"id":60154,"href":"https:\/\/www.actualidadadiario.com\/index.php\/wp-json\/wp\/v2\/posts\/60153\/revisions\/60154"}],"wp:featuredmedia":[{"embeddable":true,"href":"https:\/\/www.actualidadadiario.com\/index.php\/wp-json\/wp\/v2\/media\/51057"}],"wp:attachment":[{"href":"https:\/\/www.actualidadadiario.com\/index.php\/wp-json\/wp\/v2\/media?parent=60153"}],"wp:term":[{"taxonomy":"category","embeddable":true,"href":"https:\/\/www.actualidadadiario.com\/index.php\/wp-json\/wp\/v2\/categories?post=60153"},{"taxonomy":"post_tag","embeddable":true,"href":"https:\/\/www.actualidadadiario.com\/index.php\/wp-json\/wp\/v2\/tags?post=60153"}],"curies":[{"name":"wp","href":"https:\/\/api.w.org\/{rel}","templated":true}]}}