{"id":60144,"date":"2020-04-13T13:35:26","date_gmt":"2020-04-13T16:35:26","guid":{"rendered":"https:\/\/www.actualidadadiario.com\/?p=60144"},"modified":"2020-04-13T13:35:26","modified_gmt":"2020-04-13T16:35:26","slug":"trotta-sin-fecha-para-las-clases","status":"publish","type":"post","link":"https:\/\/www.actualidadadiario.com\/index.php\/2020\/04\/13\/trotta-sin-fecha-para-las-clases\/","title":{"rendered":"Trotta, sin fecha para las clases"},"content":{"rendered":"<p style=\"text-align: center;\"><em><strong>El ministro de Educaci\u00f3n, Nicol\u00e1s Trotta, advirti\u00f3 que el Gobierno nacional &#8220;no&#8221; sabe cu\u00e1ndo ser\u00e1 la vuelta a clases porque &#8220;no es una decisi\u00f3n educativa&#8221; sino &#8220;sanitaria&#8221;<\/strong><\/em><\/p>\n<p>&nbsp;<\/p>\n<p>&nbsp;<\/p>\n<p>&#8220;Toda decisi\u00f3n relacionada a la vuelta a las escuelas no es una decisi\u00f3n educativa es una decisi\u00f3n sanitaria. Cuando el comit\u00e9 de expertos determine que no hay riesgos volviendo a las escuelas, vamos a volver inmediatamente&#8221;, enfatiz\u00f3 Trotta.<\/p>\n<p>Al ser consultado sobre cu\u00e1ndo ser\u00e1 la vuelta a clases, respondi\u00f3: &#8220;La verdad no lo sabemos. No lo sabemos nosotros porque hay un esquema de priorizaci\u00f3n de la salud, pero tampoco lo saben pa\u00edses que est\u00e1n viviendo esta pel\u00edcula con algunas semanas o meses de antelaci\u00f3n como son los pa\u00edses europeos&#8221;.<\/p>\n<p>En ese marco, indic\u00f3 que el Gobierno nacional busca &#8220;generar la mayor cantidad de herramientas que permitan en las diversidades dar una continuidad acad\u00e9mica&#8221;.<\/p>\n<p>&#8220;Debe ser una experiencia muy traum\u00e1tica que nos debe servir para fortalecer nuestro sistema educativo. Hemos dado pasos importantes en lo que puede ser la virtualizaci\u00f3n de ciertas instancias de la ense\u00f1anza y el aprendizaje&#8221;, destac\u00f3 el Ministro.<\/p>\n<p>Por \u00faltimo, indic\u00f3 que &#8220;cada realidad es distinta, como es el v\u00ednculo que se logr\u00f3 establecer entre maestros y alumnos. No es lo mismo en primaria y secundaria que la Universidad&#8221;.<\/p>\n<p>&#8220;Creo que hay mucho compromiso en el marco de lo que estamos transitando, recibimos quejas de los padres porque hay mucha tarea. Ninguna estructura est\u00e1 preparada para la vitalidad de un d\u00eda para el otro&#8221;, concluy\u00f3.<\/p>\n","protected":false},"excerpt":{"rendered":"<p>El ministro de Educaci\u00f3n, Nicol\u00e1s Trotta, advirti\u00f3 que el Gobierno nacional &#8220;no&#8221; sabe cu\u00e1ndo ser\u00e1 la vuelta a clases porque &#8220;no es una decisi\u00f3n educativa&#8221; sino &#8220;sanitaria&#8221; &nbsp; &nbsp; &#8220;Toda decisi\u00f3n relacionada a la vuelta a las escuelas no es una decisi\u00f3n educativa es una decisi\u00f3n sanitaria. Cuando el comit\u00e9 de expertos determine que no hay riesgos volviendo a las escuelas, vamos a volver inmediatamente&#8221;, enfatiz\u00f3 Trotta. Al ser consultado sobre cu\u00e1ndo ser\u00e1 la vuelta a clases, respondi\u00f3: &#8220;La verdad no lo sabemos. No lo sabemos nosotros porque hay un&#8230;<\/p>\n","protected":false},"author":3,"featured_media":60145,"comment_status":"closed","ping_status":"closed","sticky":false,"template":"","format":"standard","meta":[],"categories":[18],"tags":[],"_links":{"self":[{"href":"https:\/\/www.actualidadadiario.com\/index.php\/wp-json\/wp\/v2\/posts\/60144"}],"collection":[{"href":"https:\/\/www.actualidadadiario.com\/index.php\/wp-json\/wp\/v2\/posts"}],"about":[{"href":"https:\/\/www.actualidadadiario.com\/index.php\/wp-json\/wp\/v2\/types\/post"}],"author":[{"embeddable":true,"href":"https:\/\/www.actualidadadiario.com\/index.php\/wp-json\/wp\/v2\/users\/3"}],"replies":[{"embeddable":true,"href":"https:\/\/www.actualidadadiario.com\/index.php\/wp-json\/wp\/v2\/comments?post=60144"}],"version-history":[{"count":2,"href":"https:\/\/www.actualidadadiario.com\/index.php\/wp-json\/wp\/v2\/posts\/60144\/revisions"}],"predecessor-version":[{"id":60147,"href":"https:\/\/www.actualidadadiario.com\/index.php\/wp-json\/wp\/v2\/posts\/60144\/revisions\/60147"}],"wp:featuredmedia":[{"embeddable":true,"href":"https:\/\/www.actualidadadiario.com\/index.php\/wp-json\/wp\/v2\/media\/60145"}],"wp:attachment":[{"href":"https:\/\/www.actualidadadiario.com\/index.php\/wp-json\/wp\/v2\/media?parent=60144"}],"wp:term":[{"taxonomy":"category","embeddable":true,"href":"https:\/\/www.actualidadadiario.com\/index.php\/wp-json\/wp\/v2\/categories?post=60144"},{"taxonomy":"post_tag","embeddable":true,"href":"https:\/\/www.actualidadadiario.com\/index.php\/wp-json\/wp\/v2\/tags?post=60144"}],"curies":[{"name":"wp","href":"https:\/\/api.w.org\/{rel}","templated":true}]}}