{"id":60136,"date":"2020-04-13T13:32:27","date_gmt":"2020-04-13T16:32:27","guid":{"rendered":"https:\/\/www.actualidadadiario.com\/?p=60136"},"modified":"2020-04-13T13:32:27","modified_gmt":"2020-04-13T16:32:27","slug":"la-afip-prorroga-la-feria-fiscal-hasta-el-26-de-abril","status":"publish","type":"post","link":"https:\/\/www.actualidadadiario.com\/index.php\/2020\/04\/13\/la-afip-prorroga-la-feria-fiscal-hasta-el-26-de-abril\/","title":{"rendered":"La Afip prorroga la feria fiscal hasta el 26 de abril"},"content":{"rendered":"<p style=\"text-align: center;\"><em><strong>La medida no implica modificaci\u00f3n ni pr\u00f3rroga sobre los vencimientos de impuestos sino que consiste en la extensi\u00f3n de todos los plazos procedimentales en materia impositiva, aduanera y de la seguridad social<\/strong><\/em><\/p>\n<p>&nbsp;<\/p>\n<p>&nbsp;<\/p>\n<p>&nbsp;<\/p>\n<p>La Administraci\u00f3n Federal de Ingresos P\u00fablicos (AFIP) oficializ\u00f3 la pr\u00f3rroga de la vigencia de la feria fiscal extraordinaria hasta el 26 de abril, fecha hasta la que se extiende un nuevo per\u00edodo de cuarentena en todo el pa\u00eds.<\/p>\n<p>La decisi\u00f3n se formaliz\u00f3 por medio de una Resoluci\u00f3n General 4695 publicada este lunes 13 de abril en el Bolet\u00edn Oficial.<\/p>\n<p>Desde el organismo indicaron que &#8220;la medida no implica ninguna modificaci\u00f3n ni pr\u00f3rroga sobre los vencimientos de impuestos. Una feria fiscal consiste en la extensi\u00f3n de todos los plazos procedimentales en materia impositiva, aduanera y de la seguridad social&#8221;, recordaron.<\/p>\n<p>Durante esta pr\u00f3rroga, el organismo inform\u00f3 que \u201cpodr\u00e1 notificar, dictar actos administrativos, imponer multas y realizar operativos, entre otros procedimientos\u201d.<\/p>\n<p>\u201cNo obstante, durante la vigencia de la feria fiscal quedan en suspenso el c\u00f3mputo de los plazos que rigen para la respuesta de los contribuyentes a esos requerimientos\u201d, concluye el comunicado.<\/p>\n<p>&#8220;Fijar entre los d\u00edas 13 y 26 de abril de 2020, ambos inclusive, un nuevo per\u00edodo de feria fiscal extraordinario con el alcance de las previsiones de la Resoluci\u00f3n General N\u00b0 1.983, sus modificatorias y complementarias&#8221;, dice el texto oficial.<\/p>\n<p>Vale considerar que la Resoluci\u00f3n General N\u00b0 1.983 previ\u00f3 que durante determinados per\u00edodos del a\u00f1o -atendiendo a las ferias judiciales que se establezcan cada a\u00f1o para el Poder Judicial de la Naci\u00f3n-, no se computen los plazos previstos en los distintos procedimientos vigentes ante la AFIP, vinculados a la aplicaci\u00f3n, percepci\u00f3n y fiscalizaci\u00f3n de los tributos a su cargo.<\/p>\n<p>Por ese motivo, el ente recaudador record\u00f3 que en virtud de la pandemia de COVID-19, mediante el Decreto de Necesidad y Urgencia N\u00b0 297 del 19 de marzo de 2020 se dispuso un aislamiento social, preventivo y obligatorio.<\/p>\n<p>En l\u00ednea con ello, la Corte Suprema de Justicia de la Naci\u00f3n dict\u00f3 las Acordadas Nros. 6\/20 y 8\/20, estableciendo ferias extraordinarias respecto de todos los tribunales federales y nacionales, y dem\u00e1s dependencias integrantes del Poder Judicial, por los plazos de aislamiento fijados en los mencionados decretos.<\/p>\n<p>En consecuencia, la AFIP fij\u00f3 per\u00edodos de ferias fiscales extraordinarios hasta el 12 de abril de 2020 inclusive, con el alcance de las previsiones de la Resoluci\u00f3n General N\u00b0 1.983.<\/p>\n<p>Ahora, atento que el Decreto de Necesidad y Urgencia N\u00b0 355 del 11 de abril de 2020 extendi\u00f3 nuevamente el aislamiento entre el 13 y 26 de abril, y que mediante la Acordada N\u00b0 10\/20 la Corte prorrog\u00f3 la feria extraordinaria judicial por igual plazo, la AFIP estim\u00f3 conveniente fijar un nuevo per\u00edodo de feria fiscal extraordinario.<\/p>\n","protected":false},"excerpt":{"rendered":"<p>La medida no implica modificaci\u00f3n ni pr\u00f3rroga sobre los vencimientos de impuestos sino que consiste en la extensi\u00f3n de todos los plazos procedimentales en materia impositiva, aduanera y de la seguridad social &nbsp; &nbsp; &nbsp; La Administraci\u00f3n Federal de Ingresos P\u00fablicos (AFIP) oficializ\u00f3 la pr\u00f3rroga de la vigencia de la feria fiscal extraordinaria hasta el 26 de abril, fecha hasta la que se extiende un nuevo per\u00edodo de cuarentena en todo el pa\u00eds. La decisi\u00f3n se formaliz\u00f3 por medio de una Resoluci\u00f3n General 4695 publicada este lunes 13 de abril&#8230;<\/p>\n","protected":false},"author":3,"featured_media":49858,"comment_status":"closed","ping_status":"closed","sticky":false,"template":"","format":"standard","meta":[],"categories":[2],"tags":[],"_links":{"self":[{"href":"https:\/\/www.actualidadadiario.com\/index.php\/wp-json\/wp\/v2\/posts\/60136"}],"collection":[{"href":"https:\/\/www.actualidadadiario.com\/index.php\/wp-json\/wp\/v2\/posts"}],"about":[{"href":"https:\/\/www.actualidadadiario.com\/index.php\/wp-json\/wp\/v2\/types\/post"}],"author":[{"embeddable":true,"href":"https:\/\/www.actualidadadiario.com\/index.php\/wp-json\/wp\/v2\/users\/3"}],"replies":[{"embeddable":true,"href":"https:\/\/www.actualidadadiario.com\/index.php\/wp-json\/wp\/v2\/comments?post=60136"}],"version-history":[{"count":1,"href":"https:\/\/www.actualidadadiario.com\/index.php\/wp-json\/wp\/v2\/posts\/60136\/revisions"}],"predecessor-version":[{"id":60137,"href":"https:\/\/www.actualidadadiario.com\/index.php\/wp-json\/wp\/v2\/posts\/60136\/revisions\/60137"}],"wp:featuredmedia":[{"embeddable":true,"href":"https:\/\/www.actualidadadiario.com\/index.php\/wp-json\/wp\/v2\/media\/49858"}],"wp:attachment":[{"href":"https:\/\/www.actualidadadiario.com\/index.php\/wp-json\/wp\/v2\/media?parent=60136"}],"wp:term":[{"taxonomy":"category","embeddable":true,"href":"https:\/\/www.actualidadadiario.com\/index.php\/wp-json\/wp\/v2\/categories?post=60136"},{"taxonomy":"post_tag","embeddable":true,"href":"https:\/\/www.actualidadadiario.com\/index.php\/wp-json\/wp\/v2\/tags?post=60136"}],"curies":[{"name":"wp","href":"https:\/\/api.w.org\/{rel}","templated":true}]}}