{"id":60126,"date":"2020-04-13T13:29:28","date_gmt":"2020-04-13T16:29:28","guid":{"rendered":"https:\/\/www.actualidadadiario.com\/?p=60126"},"modified":"2020-04-13T13:29:28","modified_gmt":"2020-04-13T16:29:28","slug":"las-ventas-bajaron-casi-49-en-marzo-por-la-cuarentena","status":"publish","type":"post","link":"https:\/\/www.actualidadadiario.com\/index.php\/2020\/04\/13\/las-ventas-bajaron-casi-49-en-marzo-por-la-cuarentena\/","title":{"rendered":"Las ventas bajaron casi 49% en marzo por la cuarentena"},"content":{"rendered":"<p style=\"text-align: center;\"><em><strong>La CAME public\u00f3 un relevamiento respecto a las ventas de los comercios en Argentina en medio de la cuarentena por el coronavirus<\/strong><\/em><\/p>\n<p>&nbsp;<\/p>\n<p>Las ventas en los comercios minoristas cayeron casi un 49% durante marzo a ra\u00edz de la cuarentena para suavizar el avance del coronavirus Covid-19, que limitaron a 19 los d\u00edas de actividad plena en los locales y bajo modalidad online, de acuerdo con un relevamiento hecho por la Confederaci\u00f3n Argentina de la Mediana Empresa (CAME).<\/p>\n<p>\u201cFue un mes at\u00edpico, con 19 d\u00edas de actividad ya marcada por el Covid-19 y 12 d\u00edas en cuarentena. En ese contexto, las ventas cayeron 48,7% anual en el mes, medidas a precios constantes\u201d, indicaron desde la CAME mediante proyecciones realizadas por la entidad e indicaron que \u201cpor cada d\u00eda de aislamiento preventivo en marzo el comercio minorista perdi\u00f3 ventas por $10.360 millones\u201d.<\/p>\n<p>En el marco de las medidas contra el coronavirus, solo el 24% de los comercios pudo cubrir la totalidad de sus cheques y el 74% de las pymes cree que una vez finalizada la cuarentena le tomar\u00e1 m\u00e1s de cinco meses en volver a la normalidad.<\/p>\n<p>El estudio de CAME comprendi\u00f3 a de 1.100 negocios de Argentina, que fueron consultados entre el mi\u00e9rcoles 1 y el viernes 10 de mayo por un equipo de treinta encuestadores localizados en las capitales del pa\u00eds, el Gran Buenos Aires y la Ciudad.<\/p>\n<p>\u201cLas ventas estuvieron muy marcadas por la restricci\u00f3n de circulaci\u00f3n de gente y luego la cuarentena que oblig\u00f3 a cerrar a gran parte de los rubros\u201d, se\u00f1al\u00f3 la CAME en un comunicado y agreg\u00f3 que las l\u00edneas de ayudas y cr\u00e9dito anunciadas por el gobierno, \u201cno terminan siendo un gran aliciente para los comercios pymes\u201d.<\/p>\n<p>En el caso de las l\u00edneas de pr\u00e9stamos al 24%, el 71% de los comercios relevados dijo que no las solicit\u00f3, \u201cen buena medida porque no creen que las consigan o les parecen costosas\u201d.<\/p>\n<p>\u201cM\u00e1s expectativas hay en las ayudas para pagar salarios: el 45% de las pymes consultadas planea solicitarlas\u201d, agreg\u00f3 la entidad.<\/p>\n","protected":false},"excerpt":{"rendered":"<p>La CAME public\u00f3 un relevamiento respecto a las ventas de los comercios en Argentina en medio de la cuarentena por el coronavirus &nbsp; Las ventas en los comercios minoristas cayeron casi un 49% durante marzo a ra\u00edz de la cuarentena para suavizar el avance del coronavirus Covid-19, que limitaron a 19 los d\u00edas de actividad plena en los locales y bajo modalidad online, de acuerdo con un relevamiento hecho por la Confederaci\u00f3n Argentina de la Mediana Empresa (CAME). \u201cFue un mes at\u00edpico, con 19 d\u00edas de actividad ya marcada por&#8230;<\/p>\n","protected":false},"author":3,"featured_media":59905,"comment_status":"closed","ping_status":"closed","sticky":false,"template":"","format":"standard","meta":[],"categories":[2],"tags":[],"_links":{"self":[{"href":"https:\/\/www.actualidadadiario.com\/index.php\/wp-json\/wp\/v2\/posts\/60126"}],"collection":[{"href":"https:\/\/www.actualidadadiario.com\/index.php\/wp-json\/wp\/v2\/posts"}],"about":[{"href":"https:\/\/www.actualidadadiario.com\/index.php\/wp-json\/wp\/v2\/types\/post"}],"author":[{"embeddable":true,"href":"https:\/\/www.actualidadadiario.com\/index.php\/wp-json\/wp\/v2\/users\/3"}],"replies":[{"embeddable":true,"href":"https:\/\/www.actualidadadiario.com\/index.php\/wp-json\/wp\/v2\/comments?post=60126"}],"version-history":[{"count":1,"href":"https:\/\/www.actualidadadiario.com\/index.php\/wp-json\/wp\/v2\/posts\/60126\/revisions"}],"predecessor-version":[{"id":60127,"href":"https:\/\/www.actualidadadiario.com\/index.php\/wp-json\/wp\/v2\/posts\/60126\/revisions\/60127"}],"wp:featuredmedia":[{"embeddable":true,"href":"https:\/\/www.actualidadadiario.com\/index.php\/wp-json\/wp\/v2\/media\/59905"}],"wp:attachment":[{"href":"https:\/\/www.actualidadadiario.com\/index.php\/wp-json\/wp\/v2\/media?parent=60126"}],"wp:term":[{"taxonomy":"category","embeddable":true,"href":"https:\/\/www.actualidadadiario.com\/index.php\/wp-json\/wp\/v2\/categories?post=60126"},{"taxonomy":"post_tag","embeddable":true,"href":"https:\/\/www.actualidadadiario.com\/index.php\/wp-json\/wp\/v2\/tags?post=60126"}],"curies":[{"name":"wp","href":"https:\/\/api.w.org\/{rel}","templated":true}]}}