{"id":60124,"date":"2020-04-13T13:27:56","date_gmt":"2020-04-13T16:27:56","guid":{"rendered":"https:\/\/www.actualidadadiario.com\/?p=60124"},"modified":"2020-04-13T13:27:56","modified_gmt":"2020-04-13T16:27:56","slug":"las-provincias-presentan-al-gobierno-los-listados-con-excepciones-a-la-cuarentena","status":"publish","type":"post","link":"https:\/\/www.actualidadadiario.com\/index.php\/2020\/04\/13\/las-provincias-presentan-al-gobierno-los-listados-con-excepciones-a-la-cuarentena\/","title":{"rendered":"Las provincias presentan al gobierno los listados con excepciones a la cuarentena"},"content":{"rendered":"<p style=\"text-align: center;\"><em><strong>San Luis present\u00f3 su esquema; Buenos Aires eval\u00faa el aislamiento &#8220;focalizado&#8221;. Ll C\u00e1mara de Comercio, Industria y Producci\u00f3n apunta a que haya un horario corrido de atenci\u00f3n entre las 9 y las 17, con una m\u00ednima cantidad de empleados rotativos<\/strong><\/em><\/p>\n<p>&nbsp;<\/p>\n<p>&nbsp;<\/p>\n<p>&nbsp;<\/p>\n<p>San Luis se convirti\u00f3 en el primer distrito en presentarle al gobierno nacional un listado de excepciones a la cuarentena, en tanto que la provincia de Buenos Aires eval\u00faa avanzar hacia un aislamiento &#8220;focalizado&#8221;, &#8220;segmentado por regiones&#8221;, &#8220;grupos etarios&#8221; y &#8220;actividades&#8221;.<\/p>\n<p>Durante la tarde de este domingo, el mandatario puntano, Alberto Rodr\u00edguez Sa\u00e1, mantuvo una videoconferencia con los intendentes de su provincia a los que les comunic\u00f3 &#8220;la decisi\u00f3n del comit\u00e9 de crisis&#8221; de avanzar en la definici\u00f3n de un esquema propio de aislamiento obligatorio, el que fue presentado este domingo ante la Jefatura de Gabinete, en el marco de la tercera etapa de la cuarentena a ra\u00edz de la pandemia de coronavirus que dar\u00e1 comienzo\u00a0 este lunes.<\/p>\n<p>Entre las medidas de flexibilizaci\u00f3n figura un pedido de la C\u00e1mara de Comercio, Industria y Producci\u00f3n que apunta a que haya un horario corrido de atenci\u00f3n entre las 9 y las 17, con una m\u00ednima cantidad de empleados rotativos, con prioridad de venta de cercan\u00eda, delivery y online, a los fines de evitar aglomeraciones.<\/p>\n<p>Pero adem\u00e1s, los comerciantes de esa provincia solicitaron se contemple un permiso de &#8220;libre circulaci\u00f3n&#8221; para los due\u00f1os de los comercios, independientemente de c\u00f3mo finalice el n\u00famero de documento, entre otros pedidos.<\/p>\n<p>Un dato a destacar es el que dio cuenta que por sexto d\u00eda consecutivo la provincia de San Luis no registr\u00f3 casos de contagio de coronavirus.<\/p>\n<p>Por su parte y tras reunirse con los jefes comunales de la primera y tercera secci\u00f3n electoral, con los que evalu\u00f3 y coordin\u00f3 las acciones conjuntas ante el avance de la pandemia, el gobernador Axel Kicillof afirm\u00f3 que en su territorio &#8220;habr\u00e1 una cuarentena focalizada&#8221; y sin &#8220;flexibilizaci\u00f3n&#8221;, la cual ser\u00e1 &#8220;segmentada y din\u00e1mica por regiones, por grupos etarios&#8221; y &#8220;por actividades&#8221;.<\/p>\n<p>El economista agreg\u00f3 que el esquema que eleven al Poder Ejecutivo ser\u00e1 consensuado con los jefes comunales, quienes son los que est\u00e1n &#8220;a cargo del control y cumplimiento&#8221; de las medidas.<\/p>\n<p>Durante el encuentro, el que tuvo lugar en la sede de la municipalidad de Hurlingham y del que participaron el anfitri\u00f3n, Juanchi Zabaleta, Mayra Mendoza (Quilmes), Fernando Grey (Esteban Echeverr\u00eda), Fernando Espinoza (La Matanza), Mart\u00edn Insaurralde (Lomas de Zamora), Mario Secco (Ensenada), Ariel Sujarchuk (Escobar) y Gustavo Men\u00e9ndez (Merlo), quien adem\u00e1s es el titular del PJ bonaerense, Kicillof escuch\u00f3 las diferentes propuestas y planteos.<\/p>\n<p>Para el gobernador, quien por la ma\u00f1ana y acompa\u00f1ado por Zabaleta y el ministro de Obras P\u00fablicas de la Naci\u00f3n, Gabriel Katopodis recorri\u00f3 las obras del Hospital Modular de Emergencia que se construye en Hurlingham, &#8220;todo seguir\u00e1 igual por el momento, pero vamos a evaluar con los intendentes diferentes alternativas y propuestas para elevar al presidente&#8221;, destac\u00f3 adem\u00e1s que &#8220;no todos los lugares son iguales y debemos cuidar de no desplazar el virus de una zona a otra&#8221;.<\/p>\n<p>En algunos de los 58 municipios que hasta la fecha no registran contagios, Kicillof eval\u00faa realizar excepciones focalizadas como el aislamiento comunitario.<\/p>\n","protected":false},"excerpt":{"rendered":"<p>San Luis present\u00f3 su esquema; Buenos Aires eval\u00faa el aislamiento &#8220;focalizado&#8221;. Ll C\u00e1mara de Comercio, Industria y Producci\u00f3n apunta a que haya un horario corrido de atenci\u00f3n entre las 9 y las 17, con una m\u00ednima cantidad de empleados rotativos &nbsp; &nbsp; &nbsp; San Luis se convirti\u00f3 en el primer distrito en presentarle al gobierno nacional un listado de excepciones a la cuarentena, en tanto que la provincia de Buenos Aires eval\u00faa avanzar hacia un aislamiento &#8220;focalizado&#8221;, &#8220;segmentado por regiones&#8221;, &#8220;grupos etarios&#8221; y &#8220;actividades&#8221;. Durante la tarde de este domingo,&#8230;<\/p>\n","protected":false},"author":3,"featured_media":59114,"comment_status":"closed","ping_status":"closed","sticky":false,"template":"","format":"standard","meta":[],"categories":[2],"tags":[],"_links":{"self":[{"href":"https:\/\/www.actualidadadiario.com\/index.php\/wp-json\/wp\/v2\/posts\/60124"}],"collection":[{"href":"https:\/\/www.actualidadadiario.com\/index.php\/wp-json\/wp\/v2\/posts"}],"about":[{"href":"https:\/\/www.actualidadadiario.com\/index.php\/wp-json\/wp\/v2\/types\/post"}],"author":[{"embeddable":true,"href":"https:\/\/www.actualidadadiario.com\/index.php\/wp-json\/wp\/v2\/users\/3"}],"replies":[{"embeddable":true,"href":"https:\/\/www.actualidadadiario.com\/index.php\/wp-json\/wp\/v2\/comments?post=60124"}],"version-history":[{"count":1,"href":"https:\/\/www.actualidadadiario.com\/index.php\/wp-json\/wp\/v2\/posts\/60124\/revisions"}],"predecessor-version":[{"id":60125,"href":"https:\/\/www.actualidadadiario.com\/index.php\/wp-json\/wp\/v2\/posts\/60124\/revisions\/60125"}],"wp:featuredmedia":[{"embeddable":true,"href":"https:\/\/www.actualidadadiario.com\/index.php\/wp-json\/wp\/v2\/media\/59114"}],"wp:attachment":[{"href":"https:\/\/www.actualidadadiario.com\/index.php\/wp-json\/wp\/v2\/media?parent=60124"}],"wp:term":[{"taxonomy":"category","embeddable":true,"href":"https:\/\/www.actualidadadiario.com\/index.php\/wp-json\/wp\/v2\/categories?post=60124"},{"taxonomy":"post_tag","embeddable":true,"href":"https:\/\/www.actualidadadiario.com\/index.php\/wp-json\/wp\/v2\/tags?post=60124"}],"curies":[{"name":"wp","href":"https:\/\/api.w.org\/{rel}","templated":true}]}}