{"id":60121,"date":"2020-04-13T13:27:07","date_gmt":"2020-04-13T16:27:07","guid":{"rendered":"https:\/\/www.actualidadadiario.com\/?p=60121"},"modified":"2020-04-13T13:27:07","modified_gmt":"2020-04-13T16:27:07","slug":"rige-desde-hoy-cuarentena-administrada-que-se-puede-hacer-y-que-actividades-funcionaran","status":"publish","type":"post","link":"https:\/\/www.actualidadadiario.com\/index.php\/2020\/04\/13\/rige-desde-hoy-cuarentena-administrada-que-se-puede-hacer-y-que-actividades-funcionaran\/","title":{"rendered":"Rige desde hoy cuarentena administrada: qu\u00e9 se puede hacer y qu\u00e9 actividades funcionar\u00e1n"},"content":{"rendered":"<p style=\"text-align: center;\"><em><strong>Hasta el 26 de abril continuar\u00e1 el aislamiento obligatorio. Pero se sumaron algunas actividades a las que ya estaban permitidas<\/strong><\/em><\/p>\n<p>&nbsp;<\/p>\n<p>&nbsp;<\/p>\n<p>Actividades bancarias, talleres de reparaci\u00f3n de veh\u00edculos, ventas de repuestos, fabricaci\u00f3n y reparaci\u00f3n de neum\u00e1ticos y venta de art\u00edculos de librer\u00eda, entre otras, comienzan hoy de manera regulada y administrada, a desarrollarse, seg\u00fan lo dispuesto por el Gobierno al prorrogar la cuarentena hasta el 26 de abril inclusive.<\/p>\n<p>En cuanto a la actividad bancaria con atenci\u00f3n al p\u00fablico que hoy comienza como excepci\u00f3n ser\u00e1 &#8220;exclusivamente con sistema de turnos&#8221;, pudiendo el Banco Central de la Rep\u00fablica Argentina &#8220;ampliar o restringir d\u00edas y horarios de atenci\u00f3n&#8221;, y con sentido de &#8220;grupos exclusivos o prioritarios de personas a ser atendida&#8221;.<\/p>\n<p>Al mismo tiempo que extendi\u00f3 en el tiempo el aislamiento que rige desde el 20 de marzo y el cierre de fronteras, el Gobierno nacional estableci\u00f3 un mecanismo para evaluar y establecer eventuales nuevas excepciones a pedido de los gobernadores y bajo determinados protocolos, a cargo del jefe de Gabinete, Santiago Cafiero, que ser\u00e1 quien dialogue con cada gobernador para evaluarlas.<\/p>\n<p>Cafiero tendr\u00e1 la posibilidad de &#8220;exceptuar la prohibici\u00f3n de circular, al personal afectado a determinadas actividades y servicios o a las personas que habiten en \u00e1reas geogr\u00e1ficas espec\u00edficas y delimitadas&#8221;, siempre que &#8220;medien&#8221; determinadas &#8220;circunstancias&#8221; y protolocolos, con autorizaci\u00f3n del gobierno nacional.<\/p>\n<p>En ese sentido, fija que los mandatarios provinciales deber\u00e1n hacer sus requerimientos &#8220;por escrito, previa intervenci\u00f3n y asentimiento de la m\u00e1xima autoridad sanitaria local, en atenci\u00f3n a la situaci\u00f3n epidemiol\u00f3gica respectiva&#8221;.<\/p>\n<p>En otro orden, tambi\u00e9n a partir de hoy las personas con discapacidad y autismo podr\u00e1n a partir de hoy circular, en forma acotada en tiempo y espacio, acompa\u00f1adas de las personas que las asistan para tener un momento de recreaci\u00f3n en la zona de cercan\u00eda, seg\u00fan el mismo presidente Alberto Fern\u00e1ndez lo explic\u00f3 al anunciarlo, el viernes \u00faltimo.<\/p>\n<p>Entre las actividades cuyo desarrollo, de manera regulada y administrada, qued\u00f3 habilitado a partir de hoy se cuentan, adem\u00e1s, las prestaciones profesionales a domicilio destinadas a personas con discapacidad y aquellas comprendidas en el colectivo de trastorno del espectro autista, seg\u00fan lo detallado en la Decisi\u00f3n Administrativa 490\/2020 de la Jefatura de Gabinete, publicada el s\u00e1bado por la noche en una edici\u00f3n especial del Bolet\u00edn Oficial.<\/p>\n<p>All\u00ed tambi\u00e9n se habilit\u00f3 el funcionamiento a partir de hoy de talleres para mantenimiento y reparaci\u00f3n de automotores, motocicletas y bicicletas, exclusivamente para transporte p\u00fablico, veh\u00edculos de las fuerzas de seguridad y fuerzas armadas, veh\u00edculos afectados a las prestaciones de salud o al personal con autorizaci\u00f3n para circular, conforme la normativa vigente.<\/p>\n<p>Del mismo modo, el reinicio de la actividad se extiende a partir de hoy al rubro de venta de repuestos, partes y piezas para automotores, motocicletas y bicicletas &#8220;\u00fanicamente bajo la modalidad de entrega puerta a puerta&#8221; y &#8220;en ning\u00fan caso podr\u00e1n realizar atenci\u00f3n al p\u00fablico&#8221;.<\/p>\n<p>Tambi\u00e9n a la fabricaci\u00f3n de neum\u00e1ticos; venta y reparaci\u00f3n de los mismos exclusivamente para transporte p\u00fablico, veh\u00edculos de las fuerzas de seguridad y fuerzas armadas, veh\u00edculos afectados a las prestaciones de salud o al personal con autorizaci\u00f3n para circular, conforme la normativa vigente.<\/p>\n<p>En tanto, en relaci\u00f3n a la venta de art\u00edculos de librer\u00eda e insumos inform\u00e1ticos, la norma del Ejecutivo establece que podr\u00e1n operar &#8220;exclusivamente bajo la modalidad de entrega a domicilio&#8221; y &#8220;en ning\u00fan caso se podr\u00e1 realizar atenci\u00f3n al p\u00fablico&#8221;.<\/p>\n","protected":false},"excerpt":{"rendered":"<p>Hasta el 26 de abril continuar\u00e1 el aislamiento obligatorio. Pero se sumaron algunas actividades a las que ya estaban permitidas &nbsp; &nbsp; Actividades bancarias, talleres de reparaci\u00f3n de veh\u00edculos, ventas de repuestos, fabricaci\u00f3n y reparaci\u00f3n de neum\u00e1ticos y venta de art\u00edculos de librer\u00eda, entre otras, comienzan hoy de manera regulada y administrada, a desarrollarse, seg\u00fan lo dispuesto por el Gobierno al prorrogar la cuarentena hasta el 26 de abril inclusive. En cuanto a la actividad bancaria con atenci\u00f3n al p\u00fablico que hoy comienza como excepci\u00f3n ser\u00e1 &#8220;exclusivamente con sistema de&#8230;<\/p>\n","protected":false},"author":3,"featured_media":60122,"comment_status":"closed","ping_status":"closed","sticky":false,"template":"","format":"standard","meta":[],"categories":[9],"tags":[],"_links":{"self":[{"href":"https:\/\/www.actualidadadiario.com\/index.php\/wp-json\/wp\/v2\/posts\/60121"}],"collection":[{"href":"https:\/\/www.actualidadadiario.com\/index.php\/wp-json\/wp\/v2\/posts"}],"about":[{"href":"https:\/\/www.actualidadadiario.com\/index.php\/wp-json\/wp\/v2\/types\/post"}],"author":[{"embeddable":true,"href":"https:\/\/www.actualidadadiario.com\/index.php\/wp-json\/wp\/v2\/users\/3"}],"replies":[{"embeddable":true,"href":"https:\/\/www.actualidadadiario.com\/index.php\/wp-json\/wp\/v2\/comments?post=60121"}],"version-history":[{"count":1,"href":"https:\/\/www.actualidadadiario.com\/index.php\/wp-json\/wp\/v2\/posts\/60121\/revisions"}],"predecessor-version":[{"id":60123,"href":"https:\/\/www.actualidadadiario.com\/index.php\/wp-json\/wp\/v2\/posts\/60121\/revisions\/60123"}],"wp:featuredmedia":[{"embeddable":true,"href":"https:\/\/www.actualidadadiario.com\/index.php\/wp-json\/wp\/v2\/media\/60122"}],"wp:attachment":[{"href":"https:\/\/www.actualidadadiario.com\/index.php\/wp-json\/wp\/v2\/media?parent=60121"}],"wp:term":[{"taxonomy":"category","embeddable":true,"href":"https:\/\/www.actualidadadiario.com\/index.php\/wp-json\/wp\/v2\/categories?post=60121"},{"taxonomy":"post_tag","embeddable":true,"href":"https:\/\/www.actualidadadiario.com\/index.php\/wp-json\/wp\/v2\/tags?post=60121"}],"curies":[{"name":"wp","href":"https:\/\/api.w.org\/{rel}","templated":true}]}}