{"id":60118,"date":"2020-04-13T13:25:45","date_gmt":"2020-04-13T16:25:45","guid":{"rendered":"https:\/\/www.actualidadadiario.com\/?p=60118"},"modified":"2020-04-13T13:25:45","modified_gmt":"2020-04-13T16:25:45","slug":"colon-impone-el-uso-obligatorio-del-barbijo","status":"publish","type":"post","link":"https:\/\/www.actualidadadiario.com\/index.php\/2020\/04\/13\/colon-impone-el-uso-obligatorio-del-barbijo\/","title":{"rendered":"Col\u00f3n impone el uso obligatorio del barbijo"},"content":{"rendered":"<p style=\"text-align: center;\"><em><strong>Col\u00f3n se sum\u00f3 a Villa Libertador, y se convirti\u00f3 en la segunda ciudad que impone el uso obligatorio del barbijo para personas que tienen atenci\u00f3n al p\u00fablico como m\u00e9todo de prevenci\u00f3n para evitar la propagaci\u00f3n de la pandemia de coronavirus<\/strong><\/em><\/p>\n<p>&nbsp;<\/p>\n<p>&nbsp;<\/p>\n<p>Oficialmente, la administraci\u00f3n del intendente Jos\u00e9 Luis Walser dispuso que desde este lunes es \u00abobligatorio\u00bb el uso de los tapabocas para la atenci\u00f3n al p\u00fablico.<\/p>\n<p>A trav\u00e9s del decreto N\u00b0 169\/20, Col\u00f3n dispuso el uso obligatorio para atenci\u00f3n al p\u00fablico de \u201cbarbijos, protectores faciales o tapaboca\u201d en comercios y organismos p\u00fablicos y privados. Adem\u00e1s, la norma recomienda el uso \u201ca todas las personas que deban circular en la v\u00eda p\u00fablica y en el interior de los establecimientos comerciales y organismos p\u00fablicos o privados\u201d.<\/p>\n<p>Tambi\u00e9n exhort\u00f3 a los \u201ctitulares y responsables de los establecimientos a tomar los recaudos necesarios para instruir adecuadamente al personal sobre las recomendaciones de la Organizaci\u00f3n Mundial de la Salud sobre c\u00f3mo ponerse, usar, quitarse y desechar dichos elementos de seguridad\u201d. Y recomend\u00f3 a \u201cquienes comercialicen barbijos N95 que destinen su venta de manera exclusiva a las personas que desempe\u00f1en sus funciones en las \u00e1reas de salud\u201d.<\/p>\n<p>Respecto de la violaci\u00f3n de la normativa, se\u00f1ala el texto que a los infractores de la norma \u201cser\u00e1n pasibles de una multa pecuniaria \u00fanica m\u00ednimo de $20.000 y m\u00e1xima de $200.000, cuya graduaci\u00f3n deber\u00e1 establecerse de acuerdo a la gravedad del incumplimiento. La reincidencia dar\u00e1 lugar a la clausura preventiva del establecimiento\u201d.<\/p>\n<p>Pero adem\u00e1s, el Municipio recomend\u00f3 a la poblaci\u00f3n su utilizaci\u00f3n en la v\u00eda p\u00fablica. \u00abCualquier m\u00e9todo pr\u00e1ctico y sencillo de protecci\u00f3n (cuello, bufanda o pa\u00f1uelo) es \u00fatil como medida de prevenci\u00f3n y de responsabilidad comunitaria\u00bb, se\u00f1alaron desde la Municipalidad de Col\u00f3n.<\/p>\n<p>\u201cUsando tapabocas comunes que pueden hacerse en la casa y que son lavables y reutilizables, nos cuidamos nosotros y cuidamos al otro\u201d, se\u00f1al\u00f3 el intendente Jos\u00e9 Luis Walser.<\/p>\n<p>Al respecto, el jefe comunal desalent\u00f3 la compra de barbijos, \u00abya que como recomienda la Organizaci\u00f3n Mundial de la Salud, el stock debe reservarse para el personal de salud\u201d.<\/p>\n<p>Desde este lunes se habilit\u00f3 la atenci\u00f3n al p\u00fablico y el cobro de tasas municipales, con el personal atendiendo con todas las medidas sanitarias correspondientes, y habiendo adaptado las oficinas para tal fin.<\/p>\n","protected":false},"excerpt":{"rendered":"<p>Col\u00f3n se sum\u00f3 a Villa Libertador, y se convirti\u00f3 en la segunda ciudad que impone el uso obligatorio del barbijo para personas que tienen atenci\u00f3n al p\u00fablico como m\u00e9todo de prevenci\u00f3n para evitar la propagaci\u00f3n de la pandemia de coronavirus &nbsp; &nbsp; Oficialmente, la administraci\u00f3n del intendente Jos\u00e9 Luis Walser dispuso que desde este lunes es \u00abobligatorio\u00bb el uso de los tapabocas para la atenci\u00f3n al p\u00fablico. A trav\u00e9s del decreto N\u00b0 169\/20, Col\u00f3n dispuso el uso obligatorio para atenci\u00f3n al p\u00fablico de \u201cbarbijos, protectores faciales o tapaboca\u201d en comercios&#8230;<\/p>\n","protected":false},"author":3,"featured_media":60119,"comment_status":"closed","ping_status":"closed","sticky":false,"template":"","format":"standard","meta":[],"categories":[15],"tags":[],"_links":{"self":[{"href":"https:\/\/www.actualidadadiario.com\/index.php\/wp-json\/wp\/v2\/posts\/60118"}],"collection":[{"href":"https:\/\/www.actualidadadiario.com\/index.php\/wp-json\/wp\/v2\/posts"}],"about":[{"href":"https:\/\/www.actualidadadiario.com\/index.php\/wp-json\/wp\/v2\/types\/post"}],"author":[{"embeddable":true,"href":"https:\/\/www.actualidadadiario.com\/index.php\/wp-json\/wp\/v2\/users\/3"}],"replies":[{"embeddable":true,"href":"https:\/\/www.actualidadadiario.com\/index.php\/wp-json\/wp\/v2\/comments?post=60118"}],"version-history":[{"count":1,"href":"https:\/\/www.actualidadadiario.com\/index.php\/wp-json\/wp\/v2\/posts\/60118\/revisions"}],"predecessor-version":[{"id":60120,"href":"https:\/\/www.actualidadadiario.com\/index.php\/wp-json\/wp\/v2\/posts\/60118\/revisions\/60120"}],"wp:featuredmedia":[{"embeddable":true,"href":"https:\/\/www.actualidadadiario.com\/index.php\/wp-json\/wp\/v2\/media\/60119"}],"wp:attachment":[{"href":"https:\/\/www.actualidadadiario.com\/index.php\/wp-json\/wp\/v2\/media?parent=60118"}],"wp:term":[{"taxonomy":"category","embeddable":true,"href":"https:\/\/www.actualidadadiario.com\/index.php\/wp-json\/wp\/v2\/categories?post=60118"},{"taxonomy":"post_tag","embeddable":true,"href":"https:\/\/www.actualidadadiario.com\/index.php\/wp-json\/wp\/v2\/tags?post=60118"}],"curies":[{"name":"wp","href":"https:\/\/api.w.org\/{rel}","templated":true}]}}