{"id":60115,"date":"2020-04-13T13:25:00","date_gmt":"2020-04-13T16:25:00","guid":{"rendered":"https:\/\/www.actualidadadiario.com\/?p=60115"},"modified":"2020-04-13T13:25:00","modified_gmt":"2020-04-13T16:25:00","slug":"prohibieron-la-venta-de-una-miel-envasada-en-entre-rios","status":"publish","type":"post","link":"https:\/\/www.actualidadadiario.com\/index.php\/2020\/04\/13\/prohibieron-la-venta-de-una-miel-envasada-en-entre-rios\/","title":{"rendered":"Prohibieron la venta de una miel envasada en Entre R\u00edos"},"content":{"rendered":"<p style=\"text-align: center;\"><em><strong>A trav\u00e9s de la disposici\u00f3n 2010\/2020, publicada este lunes en el Bolet\u00edn Oficial, la ANMAT prohibi\u00f3 la venta de una miel de abejas envasada en Entre R\u00edos. Tom\u00f3 la decisi\u00f3n &#8220;por carecer de registros de establecimiento y de producto&#8221;<\/strong><\/em><\/p>\n<p>&nbsp;<\/p>\n<p>&nbsp;<\/p>\n<p>La Administraci\u00f3n Nacional de Medicamentos, Alimentos y Tecnolog\u00eda M\u00e9dica (ANMAT) dispuso la prohibici\u00f3n y comercializaci\u00f3n de una miel de abejas marca &#8220;Cri &#8211; Sol Apicultura&#8221;, por considerar al producto como ilegal.<\/p>\n<p>A trav\u00e9s de la disposici\u00f3n 2010\/2020, publicada este lunes en el Bolet\u00edn Oficial, la ANMAT dispuso la prohibici\u00f3n de la mencionada miel de abejas.<\/p>\n<p>&#8220;Proh\u00edbese la comercializaci\u00f3n y la distribuci\u00f3n en todo el territorio nacional, del producto m\u00e9dico rotulado como &#8216;Miel de Abejas, Cri &#8211; Sol Apicultura&#8217;, Peso Neto 1.000 gr, envasada y fraccionada artesanalmente, Chajar\u00ed &#8211; Entre R\u00edos&#8221;, se publica en el Bolet\u00edn Oficial.<\/p>\n<p>La ANMAT tom\u00f3 la decisi\u00f3n &#8220;por carecer de registros de establecimiento y de producto, resultando ser en consecuencia un producto ilegal&#8221;.<\/p>\n","protected":false},"excerpt":{"rendered":"<p>A trav\u00e9s de la disposici\u00f3n 2010\/2020, publicada este lunes en el Bolet\u00edn Oficial, la ANMAT prohibi\u00f3 la venta de una miel de abejas envasada en Entre R\u00edos. Tom\u00f3 la decisi\u00f3n &#8220;por carecer de registros de establecimiento y de producto&#8221; &nbsp; &nbsp; La Administraci\u00f3n Nacional de Medicamentos, Alimentos y Tecnolog\u00eda M\u00e9dica (ANMAT) dispuso la prohibici\u00f3n y comercializaci\u00f3n de una miel de abejas marca &#8220;Cri &#8211; Sol Apicultura&#8221;, por considerar al producto como ilegal. A trav\u00e9s de la disposici\u00f3n 2010\/2020, publicada este lunes en el Bolet\u00edn Oficial, la ANMAT dispuso la prohibici\u00f3n&#8230;<\/p>\n","protected":false},"author":3,"featured_media":60116,"comment_status":"closed","ping_status":"closed","sticky":false,"template":"","format":"standard","meta":[],"categories":[15],"tags":[],"_links":{"self":[{"href":"https:\/\/www.actualidadadiario.com\/index.php\/wp-json\/wp\/v2\/posts\/60115"}],"collection":[{"href":"https:\/\/www.actualidadadiario.com\/index.php\/wp-json\/wp\/v2\/posts"}],"about":[{"href":"https:\/\/www.actualidadadiario.com\/index.php\/wp-json\/wp\/v2\/types\/post"}],"author":[{"embeddable":true,"href":"https:\/\/www.actualidadadiario.com\/index.php\/wp-json\/wp\/v2\/users\/3"}],"replies":[{"embeddable":true,"href":"https:\/\/www.actualidadadiario.com\/index.php\/wp-json\/wp\/v2\/comments?post=60115"}],"version-history":[{"count":1,"href":"https:\/\/www.actualidadadiario.com\/index.php\/wp-json\/wp\/v2\/posts\/60115\/revisions"}],"predecessor-version":[{"id":60117,"href":"https:\/\/www.actualidadadiario.com\/index.php\/wp-json\/wp\/v2\/posts\/60115\/revisions\/60117"}],"wp:featuredmedia":[{"embeddable":true,"href":"https:\/\/www.actualidadadiario.com\/index.php\/wp-json\/wp\/v2\/media\/60116"}],"wp:attachment":[{"href":"https:\/\/www.actualidadadiario.com\/index.php\/wp-json\/wp\/v2\/media?parent=60115"}],"wp:term":[{"taxonomy":"category","embeddable":true,"href":"https:\/\/www.actualidadadiario.com\/index.php\/wp-json\/wp\/v2\/categories?post=60115"},{"taxonomy":"post_tag","embeddable":true,"href":"https:\/\/www.actualidadadiario.com\/index.php\/wp-json\/wp\/v2\/tags?post=60115"}],"curies":[{"name":"wp","href":"https:\/\/api.w.org\/{rel}","templated":true}]}}