{"id":60113,"date":"2020-04-13T13:24:22","date_gmt":"2020-04-13T16:24:22","guid":{"rendered":"https:\/\/www.actualidadadiario.com\/?p=60113"},"modified":"2020-04-13T13:24:22","modified_gmt":"2020-04-13T16:24:22","slug":"los-casos-de-dengue-en-la-provincia-disminuyen-con-las-bajas-temperaturas","status":"publish","type":"post","link":"https:\/\/www.actualidadadiario.com\/index.php\/2020\/04\/13\/los-casos-de-dengue-en-la-provincia-disminuyen-con-las-bajas-temperaturas\/","title":{"rendered":"Los casos de dengue en la provincia disminuyen con las bajas temperaturas"},"content":{"rendered":"<p style=\"text-align: center;\"><em><strong>Desde el programa zoonosis y vectores del Ministerio de Salud explicaron que hasta esta semana hubo un total de 267 casos, que van descendiendo con ayuda de las bajas temperaturas<\/strong><\/em><\/p>\n<p>&nbsp;<\/p>\n<p>La pelea contra el dengue contin\u00faa en la provincia de Entre R\u00edos y hasta esta semana se confirmaron 267 casos positivos. Desde el programa zoonosis y vectores del Ministerio de Salud explicaron que \u201cla provincia est\u00e1 cursando un brote y los casos est\u00e1n distribuidos en las ciudades m\u00e1s grandes de la provincia\u201d como Paran\u00e1, Nogoy\u00e1, Concordia y Gualeguaych\u00fa.<\/p>\n<p>Ger\u00f3nimo Garcilazo Amatti, responsable de este programa provincial, agreg\u00f3 que \u201ca nivel epidemiol\u00f3gico nosotros estamos observando que la cantidad de casos se vio afectada por estas bajas temperaturas\u201d que hacen que \u201cel mosquito, la sospecha y los infectados sean cada vez menos\u201d.<\/p>\n<p>Esto se debe a que \u201ces una enfermedad estival que con las altas temperaturas prolifera m\u00e1s\u201d.<\/p>\n<p>Asimismo, Garcilazo agreg\u00f3 que habr\u00edan considerado \u201cla fecha pico a mitad de este mes, pero ya est\u00e1 descendiendo el n\u00famero de casos y va acompa\u00f1ado por las temperaturas\u201d.<\/p>\n<p>&nbsp;<\/p>\n<p><strong>Recomendaciones<\/strong><\/p>\n<p>Frente a esto, desde el Ministerio de Salud recuerdan que \u201cel aedes aegypti es el \u00fanico mosquito que transmite el dengue\u201d y esta \u201cno se transmite de persona a persona\u201d. Por lo que es de suma importancia \u201cevitar el criadero dentro de nuestros domicilios\u201d porque este \u201ces un mosquito urbano, no se lo encuentra ni en lagunas, ni en arroyos, ni en r\u00edos\u201d.<\/p>\n<p>Adem\u00e1s, Garcilazo destac\u00f3 que \u201ccon las bajas temperaturas podemos ver que el mosquito prefiere estar dentro de las habitaciones, dentro de los espacios del hogar y por eso tenemos que tratar de que no haya criaderos, para que no haya mosquitos y podamos cortar con el ciclo de esta enfermedad\u201d.<\/p>\n","protected":false},"excerpt":{"rendered":"<p>Desde el programa zoonosis y vectores del Ministerio de Salud explicaron que hasta esta semana hubo un total de 267 casos, que van descendiendo con ayuda de las bajas temperaturas &nbsp; La pelea contra el dengue contin\u00faa en la provincia de Entre R\u00edos y hasta esta semana se confirmaron 267 casos positivos. Desde el programa zoonosis y vectores del Ministerio de Salud explicaron que \u201cla provincia est\u00e1 cursando un brote y los casos est\u00e1n distribuidos en las ciudades m\u00e1s grandes de la provincia\u201d como Paran\u00e1, Nogoy\u00e1, Concordia y Gualeguaych\u00fa. Ger\u00f3nimo&#8230;<\/p>\n","protected":false},"author":3,"featured_media":6700,"comment_status":"closed","ping_status":"closed","sticky":false,"template":"","format":"standard","meta":[],"categories":[9],"tags":[],"_links":{"self":[{"href":"https:\/\/www.actualidadadiario.com\/index.php\/wp-json\/wp\/v2\/posts\/60113"}],"collection":[{"href":"https:\/\/www.actualidadadiario.com\/index.php\/wp-json\/wp\/v2\/posts"}],"about":[{"href":"https:\/\/www.actualidadadiario.com\/index.php\/wp-json\/wp\/v2\/types\/post"}],"author":[{"embeddable":true,"href":"https:\/\/www.actualidadadiario.com\/index.php\/wp-json\/wp\/v2\/users\/3"}],"replies":[{"embeddable":true,"href":"https:\/\/www.actualidadadiario.com\/index.php\/wp-json\/wp\/v2\/comments?post=60113"}],"version-history":[{"count":1,"href":"https:\/\/www.actualidadadiario.com\/index.php\/wp-json\/wp\/v2\/posts\/60113\/revisions"}],"predecessor-version":[{"id":60114,"href":"https:\/\/www.actualidadadiario.com\/index.php\/wp-json\/wp\/v2\/posts\/60113\/revisions\/60114"}],"wp:featuredmedia":[{"embeddable":true,"href":"https:\/\/www.actualidadadiario.com\/index.php\/wp-json\/wp\/v2\/media\/6700"}],"wp:attachment":[{"href":"https:\/\/www.actualidadadiario.com\/index.php\/wp-json\/wp\/v2\/media?parent=60113"}],"wp:term":[{"taxonomy":"category","embeddable":true,"href":"https:\/\/www.actualidadadiario.com\/index.php\/wp-json\/wp\/v2\/categories?post=60113"},{"taxonomy":"post_tag","embeddable":true,"href":"https:\/\/www.actualidadadiario.com\/index.php\/wp-json\/wp\/v2\/tags?post=60113"}],"curies":[{"name":"wp","href":"https:\/\/api.w.org\/{rel}","templated":true}]}}