{"id":60111,"date":"2020-04-13T13:23:40","date_gmt":"2020-04-13T16:23:40","guid":{"rendered":"https:\/\/www.actualidadadiario.com\/?p=60111"},"modified":"2020-04-13T13:23:40","modified_gmt":"2020-04-13T16:23:40","slug":"el-colegio-de-abogados-solicito-a-bordet-exceptuar-al-servicio-de-justicia","status":"publish","type":"post","link":"https:\/\/www.actualidadadiario.com\/index.php\/2020\/04\/13\/el-colegio-de-abogados-solicito-a-bordet-exceptuar-al-servicio-de-justicia\/","title":{"rendered":"El Colegio de Abogados solicit\u00f3 a Bordet exceptuar al servicio de justicia"},"content":{"rendered":"<p style=\"text-align: center;\"><em><strong>El Colegio de Abogados de Entre R\u00edos le solicit\u00f3, mediante nota, al gobernador Gustavo Bordet incluya al servicio de justicia entre las actividades exceptuadas de las medidas dictadas por el Gobierno nacional en la extensi\u00f3n de la cuarentena. Solicitan reactivar el servicio de justicia, con todas las medidas sanitarias que defini\u00f3 el Superior Tribunal de Justicia<\/strong><\/em><\/p>\n<p>&nbsp;<\/p>\n<p>&nbsp;<\/p>\n<p>El CAER solicit\u00f3 \u201cconsiderar la inclusi\u00f3n del servicio de justicia provincial en las actividades exceptuadas del cumplimiento de aislamiento social, preventivo y obligatorio y de la prohibici\u00f3n de circular del personal afectado al mismo\u201d.<\/p>\n<p>La nota resalta que \u201ces imperioso destacar la razonabilidad y oportunidad de las medidas tomadas en procura de poner en resguardo el bien m\u00e1s preciado, cual es la vida de los argentinos, resultando incuestionables frente a la gravedad de la crisis epidemiol\u00f3gica global que azota a la humanidad. En ese contexto, es preciso aceptar el sacrificio individual y colectivo que la situaci\u00f3n demanda y la resignaci\u00f3n temporaria de derechos en aras del bien com\u00fan\u201d.<\/p>\n<p>\u201cSin soslayar entonces la magnitud de la pandemia desatada y la obligaci\u00f3n de actuar en consecuencia, estimamos que cabe en estas horas analizar la necesidad imprescindible de volver al pleno funcionamiento del servicio de justicia, cuya administraci\u00f3n es confiada al Poder Judicial, pilar fundamental en que se asienta el sistema republicano y federal de gobierno\u201d.<\/p>\n<p>Por \u00faltimo, destacan la \u201cnecesidad imperiosa que el estado, \u00fanico depositario de la potestad de impartir justicia, facilite a sus habitantes el Acceso Irrestricto a la Justicia, garantizando de tal modo la Tutela Jur\u00eddica Continua y Efectiva de sus derechos y garant\u00edas, como lo establece el art\u00edculo 65 de nuestra Constituci\u00f3n Provincial\u201d.<\/p>\n<p>Cabe destacar que el presidente de la Naci\u00f3n ha dictado el Decreto de Necesidad y Urgencia N\u00b0 355\/2020. En su art\u00edculo 2\u00b0 establece que los gobernadores de provincias podr\u00e1n solicitar al Jefe de Gabinete de Ministros, en su calidad de tal y de coordinador de la \u201cUnidad de Coordinaci\u00f3n General del Plan Integral para la Prevenci\u00f3n de Eventos de Salud P\u00fablica de Importancia Internacional\u201d que except\u00fae del cumplimiento del aislamiento social, preventivo y obligatorio y de la prohibici\u00f3n de circular al personal afectado a la actividad solicitada.<\/p>\n<p>Que el Superior Tribunal de Justicia ha dictado la norma \u201cAcuerdo General del 8 de Abril de 2020\u201d, por el cual ha organizado el restablecimiento del servicio de justicia en nuestra provincia. El mencionado Acuerdo General contiene una serie de Anexos o protocolos de actuaci\u00f3n que regulan el servicio de justicia en la emergencia y tambi\u00e9n ha profundizado medidas concretas a los fines de preservar la salud p\u00fablica.<\/p>\n<p>Por esto, el Colegio de Abogados de Entre R\u00edos solicita al gobernador de la Provincia que peticione al Jefe de Gabinete de Ministros de la Naci\u00f3n, Lic. Santiago Cafiero, en el marco del art. 2\u00b0 del DNU 355\/2020, la inclusi\u00f3n del servicio de justicia entrerriano, y a todos sus operadores, como actividad exceptuada del cumplimiento del aislamiento y la prohibici\u00f3n de circular; petici\u00f3n de igual de tenor ha efectuado la Federaci\u00f3n Argentina de Colegios de Abogados.<\/p>\n","protected":false},"excerpt":{"rendered":"<p>El Colegio de Abogados de Entre R\u00edos le solicit\u00f3, mediante nota, al gobernador Gustavo Bordet incluya al servicio de justicia entre las actividades exceptuadas de las medidas dictadas por el Gobierno nacional en la extensi\u00f3n de la cuarentena. Solicitan reactivar el servicio de justicia, con todas las medidas sanitarias que defini\u00f3 el Superior Tribunal de Justicia &nbsp; &nbsp; El CAER solicit\u00f3 \u201cconsiderar la inclusi\u00f3n del servicio de justicia provincial en las actividades exceptuadas del cumplimiento de aislamiento social, preventivo y obligatorio y de la prohibici\u00f3n de circular del personal afectado&#8230;<\/p>\n","protected":false},"author":3,"featured_media":40221,"comment_status":"closed","ping_status":"closed","sticky":false,"template":"","format":"standard","meta":[],"categories":[15],"tags":[],"_links":{"self":[{"href":"https:\/\/www.actualidadadiario.com\/index.php\/wp-json\/wp\/v2\/posts\/60111"}],"collection":[{"href":"https:\/\/www.actualidadadiario.com\/index.php\/wp-json\/wp\/v2\/posts"}],"about":[{"href":"https:\/\/www.actualidadadiario.com\/index.php\/wp-json\/wp\/v2\/types\/post"}],"author":[{"embeddable":true,"href":"https:\/\/www.actualidadadiario.com\/index.php\/wp-json\/wp\/v2\/users\/3"}],"replies":[{"embeddable":true,"href":"https:\/\/www.actualidadadiario.com\/index.php\/wp-json\/wp\/v2\/comments?post=60111"}],"version-history":[{"count":1,"href":"https:\/\/www.actualidadadiario.com\/index.php\/wp-json\/wp\/v2\/posts\/60111\/revisions"}],"predecessor-version":[{"id":60112,"href":"https:\/\/www.actualidadadiario.com\/index.php\/wp-json\/wp\/v2\/posts\/60111\/revisions\/60112"}],"wp:featuredmedia":[{"embeddable":true,"href":"https:\/\/www.actualidadadiario.com\/index.php\/wp-json\/wp\/v2\/media\/40221"}],"wp:attachment":[{"href":"https:\/\/www.actualidadadiario.com\/index.php\/wp-json\/wp\/v2\/media?parent=60111"}],"wp:term":[{"taxonomy":"category","embeddable":true,"href":"https:\/\/www.actualidadadiario.com\/index.php\/wp-json\/wp\/v2\/categories?post=60111"},{"taxonomy":"post_tag","embeddable":true,"href":"https:\/\/www.actualidadadiario.com\/index.php\/wp-json\/wp\/v2\/tags?post=60111"}],"curies":[{"name":"wp","href":"https:\/\/api.w.org\/{rel}","templated":true}]}}