{"id":60109,"date":"2020-04-13T13:22:55","date_gmt":"2020-04-13T16:22:55","guid":{"rendered":"https:\/\/www.actualidadadiario.com\/?p=60109"},"modified":"2020-04-13T13:22:55","modified_gmt":"2020-04-13T16:22:55","slug":"la-camara-de-diputados-podria-volver-a-sesionar-en-la-semana-del-20-de-abril","status":"publish","type":"post","link":"https:\/\/www.actualidadadiario.com\/index.php\/2020\/04\/13\/la-camara-de-diputados-podria-volver-a-sesionar-en-la-semana-del-20-de-abril\/","title":{"rendered":"La C\u00e1mara de Diputados podr\u00eda volver a sesionar en la semana del 20 de abril"},"content":{"rendered":"<p style=\"text-align: center;\"><em><strong>La Presidencia estudia convocar la sesi\u00f3n para el 21, 22 y 23 de abril, en tanto se encuentra previsto hacerlo de manera virtual por videoconferencia, para lo cual ya se ha comenzado a trabajar en este sentido con la Secretar\u00eda de Modernizaci\u00f3n de la provincia<\/strong><\/em><\/p>\n<p>&nbsp;<\/p>\n<p>&nbsp;<\/p>\n<p>La idea es sesionar a trav\u00e9s de videoconferencia, para lo cual desde la Presidencia ya se ha comenzado a trabajar con la Secretar\u00eda de Modernizaci\u00f3n de la provincia a efectos de contar con la tecnolog\u00eda necesaria para hacerlo.<\/p>\n<p>Asimismo, fuentes legislativas confirmaron a esta Agencia que la propuesta inicial ser\u00eda hacerlo desde el recinto de la C\u00e1mara, \u201ccon autoridades, taqu\u00edgrafos y los presidentes de bloque\u201d.<\/p>\n<p>Esta informaci\u00f3n ya fue otorgada a los distintos legisladores v\u00eda wathsap, en tanto que las diversas comisiones comenzar\u00edan a trabajar a trav\u00e9s de una plataforma virtual elaborada por personal de la C\u00e1mara Baja, tambi\u00e9n a trav\u00e9s de videoconferencia.<\/p>\n<p>Por \u00faltimo se inform\u00f3 que tambi\u00e9n se ha dise\u00f1ado un sistema para ingresar formalmente proyectos de manera remota, a trav\u00e9s de una Mesa de Entradas digital, y de este modo otorgarles estado parlamentario posteriormente.<\/p>\n","protected":false},"excerpt":{"rendered":"<p>La Presidencia estudia convocar la sesi\u00f3n para el 21, 22 y 23 de abril, en tanto se encuentra previsto hacerlo de manera virtual por videoconferencia, para lo cual ya se ha comenzado a trabajar en este sentido con la Secretar\u00eda de Modernizaci\u00f3n de la provincia &nbsp; &nbsp; La idea es sesionar a trav\u00e9s de videoconferencia, para lo cual desde la Presidencia ya se ha comenzado a trabajar con la Secretar\u00eda de Modernizaci\u00f3n de la provincia a efectos de contar con la tecnolog\u00eda necesaria para hacerlo. Asimismo, fuentes legislativas confirmaron a&#8230;<\/p>\n","protected":false},"author":3,"featured_media":59562,"comment_status":"closed","ping_status":"closed","sticky":false,"template":"","format":"standard","meta":[],"categories":[15],"tags":[],"_links":{"self":[{"href":"https:\/\/www.actualidadadiario.com\/index.php\/wp-json\/wp\/v2\/posts\/60109"}],"collection":[{"href":"https:\/\/www.actualidadadiario.com\/index.php\/wp-json\/wp\/v2\/posts"}],"about":[{"href":"https:\/\/www.actualidadadiario.com\/index.php\/wp-json\/wp\/v2\/types\/post"}],"author":[{"embeddable":true,"href":"https:\/\/www.actualidadadiario.com\/index.php\/wp-json\/wp\/v2\/users\/3"}],"replies":[{"embeddable":true,"href":"https:\/\/www.actualidadadiario.com\/index.php\/wp-json\/wp\/v2\/comments?post=60109"}],"version-history":[{"count":1,"href":"https:\/\/www.actualidadadiario.com\/index.php\/wp-json\/wp\/v2\/posts\/60109\/revisions"}],"predecessor-version":[{"id":60110,"href":"https:\/\/www.actualidadadiario.com\/index.php\/wp-json\/wp\/v2\/posts\/60109\/revisions\/60110"}],"wp:featuredmedia":[{"embeddable":true,"href":"https:\/\/www.actualidadadiario.com\/index.php\/wp-json\/wp\/v2\/media\/59562"}],"wp:attachment":[{"href":"https:\/\/www.actualidadadiario.com\/index.php\/wp-json\/wp\/v2\/media?parent=60109"}],"wp:term":[{"taxonomy":"category","embeddable":true,"href":"https:\/\/www.actualidadadiario.com\/index.php\/wp-json\/wp\/v2\/categories?post=60109"},{"taxonomy":"post_tag","embeddable":true,"href":"https:\/\/www.actualidadadiario.com\/index.php\/wp-json\/wp\/v2\/tags?post=60109"}],"curies":[{"name":"wp","href":"https:\/\/api.w.org\/{rel}","templated":true}]}}