{"id":60102,"date":"2020-04-13T13:20:07","date_gmt":"2020-04-13T16:20:07","guid":{"rendered":"https:\/\/www.actualidadadiario.com\/?p=60102"},"modified":"2020-04-13T13:20:07","modified_gmt":"2020-04-13T16:20:07","slug":"el-tribunal-de-cuentas-extendio-el-receso-extraordinario-por-razones-sanitarias","status":"publish","type":"post","link":"https:\/\/www.actualidadadiario.com\/index.php\/2020\/04\/13\/el-tribunal-de-cuentas-extendio-el-receso-extraordinario-por-razones-sanitarias\/","title":{"rendered":"El Tribunal de Cuentas extendi\u00f3 el receso extraordinario por razones sanitarias"},"content":{"rendered":"<p style=\"text-align: center;\"><em><strong>El Tribunal de Cuentas de Entre R\u00edos (TCER) dispuso, mediante Resoluci\u00f3n N\u00b0 51\/2020, una nueva pr\u00f3rroga del receso extraordinario establecido por razones sanitarias, hasta el domingo 26 de abril. Por este per\u00edodo continuar\u00e1n suspendidos los plazos procesales y administrativos, salvo habilitaci\u00f3n expresa, motivada por asuntos cuyo tratamiento no admita dilaci\u00f3n<\/strong><\/em><\/p>\n<p>&nbsp;<\/p>\n<p>&nbsp;<\/p>\n<p>De acuerdo a lo dispuesto mediante DNU N\u00ba 335\/2020, el cual determina una pr\u00f3rroga del aislamiento social preventivo y obligatorio hasta el d\u00eda 26 de abril inclusive, el Tribunal de Cuentas de la provincia, mediante Resoluci\u00f3n N\u00ba 51\/2020, decidi\u00f3 extender hasta dicha fecha, el receso extraordinario que se hab\u00eda dispuesto por Resoluci\u00f3n N\u00ba 49\/2020 y su antecedente 46\/2020, con los mismos alcances que los establecidos por dichas normas.<\/p>\n<p>En este sentido, y si bien, mientras dure el aislamiento social preventivo y obligatorio, todo el personal del organismo de control estar\u00e1 disponible en el horario habitual de trabajo, ya sea en forma virtual o presencial, seg\u00fan corresponda o sea necesario; durante \u00e9ste per\u00edodo se suspenden los plazos procesales y administrativos, salvo habilitaci\u00f3n expresa, motivada por asuntos cuyo tratamiento no admita dilaci\u00f3n.<\/p>\n","protected":false},"excerpt":{"rendered":"<p>El Tribunal de Cuentas de Entre R\u00edos (TCER) dispuso, mediante Resoluci\u00f3n N\u00b0 51\/2020, una nueva pr\u00f3rroga del receso extraordinario establecido por razones sanitarias, hasta el domingo 26 de abril. Por este per\u00edodo continuar\u00e1n suspendidos los plazos procesales y administrativos, salvo habilitaci\u00f3n expresa, motivada por asuntos cuyo tratamiento no admita dilaci\u00f3n &nbsp; &nbsp; De acuerdo a lo dispuesto mediante DNU N\u00ba 335\/2020, el cual determina una pr\u00f3rroga del aislamiento social preventivo y obligatorio hasta el d\u00eda 26 de abril inclusive, el Tribunal de Cuentas de la provincia, mediante Resoluci\u00f3n N\u00ba 51\/2020,&#8230;<\/p>\n","protected":false},"author":3,"featured_media":46669,"comment_status":"closed","ping_status":"closed","sticky":false,"template":"","format":"standard","meta":[],"categories":[15],"tags":[],"_links":{"self":[{"href":"https:\/\/www.actualidadadiario.com\/index.php\/wp-json\/wp\/v2\/posts\/60102"}],"collection":[{"href":"https:\/\/www.actualidadadiario.com\/index.php\/wp-json\/wp\/v2\/posts"}],"about":[{"href":"https:\/\/www.actualidadadiario.com\/index.php\/wp-json\/wp\/v2\/types\/post"}],"author":[{"embeddable":true,"href":"https:\/\/www.actualidadadiario.com\/index.php\/wp-json\/wp\/v2\/users\/3"}],"replies":[{"embeddable":true,"href":"https:\/\/www.actualidadadiario.com\/index.php\/wp-json\/wp\/v2\/comments?post=60102"}],"version-history":[{"count":1,"href":"https:\/\/www.actualidadadiario.com\/index.php\/wp-json\/wp\/v2\/posts\/60102\/revisions"}],"predecessor-version":[{"id":60103,"href":"https:\/\/www.actualidadadiario.com\/index.php\/wp-json\/wp\/v2\/posts\/60102\/revisions\/60103"}],"wp:featuredmedia":[{"embeddable":true,"href":"https:\/\/www.actualidadadiario.com\/index.php\/wp-json\/wp\/v2\/media\/46669"}],"wp:attachment":[{"href":"https:\/\/www.actualidadadiario.com\/index.php\/wp-json\/wp\/v2\/media?parent=60102"}],"wp:term":[{"taxonomy":"category","embeddable":true,"href":"https:\/\/www.actualidadadiario.com\/index.php\/wp-json\/wp\/v2\/categories?post=60102"},{"taxonomy":"post_tag","embeddable":true,"href":"https:\/\/www.actualidadadiario.com\/index.php\/wp-json\/wp\/v2\/tags?post=60102"}],"curies":[{"name":"wp","href":"https:\/\/api.w.org\/{rel}","templated":true}]}}