{"id":60089,"date":"2020-04-08T13:59:05","date_gmt":"2020-04-08T16:59:05","guid":{"rendered":"https:\/\/www.actualidadadiario.com\/?p=60089"},"modified":"2020-04-08T13:59:05","modified_gmt":"2020-04-08T16:59:05","slug":"en-espana-volvio-a-subir-la-cifra-de-muertos-y-contagiados","status":"publish","type":"post","link":"https:\/\/www.actualidadadiario.com\/index.php\/2020\/04\/08\/en-espana-volvio-a-subir-la-cifra-de-muertos-y-contagiados\/","title":{"rendered":"En Espa\u00f1a volvi\u00f3 a subir la cifra de muertos y contagiados"},"content":{"rendered":"<p style=\"text-align: center;\"><em><strong>El Ministerio de la Sanidad de Espa\u00f1a inform\u00f3 que por segundo d\u00eda consecutivo se mantuvo el repunte de casos y muertes por coronavirus. En las \u00faltimas 24 horas se registraron 757 fallecimientos, lo que suma un total de 14.555 desde que comenz\u00f3 la pandemia. La cantidad de nuevos contagios es de 6.180, lo que eleva a 146.690 el total de casos, un 4,4 por ciento m\u00e1s que ayer<\/strong><\/em><\/p>\n<p>&nbsp;<\/p>\n<p>&nbsp;<\/p>\n<p>A pesar de los dos d\u00edas de ligero repunte, el titular de la cartera sanitaria, Salvador Illa, recalc\u00f3 que el pa\u00eds entr\u00f3 &#8220;en una fase de ralentizaci\u00f3n&#8221; de la enfermedad gracias a que las medidas de confinamiento de la poblaci\u00f3n est\u00e1n teniendo un &#8220;efecto directo&#8221; en la movilidad y en la transmisi\u00f3n del virus.<\/p>\n<p>El dato positivo es que la cifra de pacientes curados aument\u00f3 un 11,1 por ciento, hasta un total de 48.021, lo que supone un 32,7 por ciento del total de casos registrados en el pa\u00eds. No obstante, hoy no se publicaron los datos de ocupaci\u00f3n de las unidades de cuidados intensivos (UCI) a la espera de que las regiones env\u00eden sus cifras al Ministerio.<\/p>\n<p>La regi\u00f3n de Madrid sigue siendo la m\u00e1s afectada, con 42.450 contagios y 5.586 fallecidos, seguida de Catalu\u00f1a, con 29.647 casos y 3.041 muertos. Con estos n\u00fameros, Espa\u00f1a sigue siendo el segundo pa\u00eds del mundo en n\u00famero de contagios, solo por detr\u00e1s de Estados Unidos.<\/p>\n<p>Tras m\u00e1s de una semana de descensos progresivos del ritmo de los nuevos contagios, el m\u00ednimo se alcanz\u00f3 el lunes pasado, con un incremento diario del 3,26 por ciento, que aument\u00f3 ligeramente ayer martes al 4,05 y hoy se situ\u00f3 en el 4,4 por ciento.<\/p>\n<p>Illa, en una comparecencia en el Congreso de los Diputados, record\u00f3 que hace dos semanas el crecimiento de los casos era del 15 por ciento diario, frente al 7 de la pasada semana, cifra que sigui\u00f3 bajando hoy a pesar del ligero repunte de los \u00faltimos d\u00edas.<\/p>\n<p>Los responsables t\u00e9cnicos del Ministerio de Sanidad adujeron el aumento de casos y muertes del martes al retraso de las notificaciones por parte de las regiones y al reajuste de datos del fin de semana, pero el incremento se mantuvo durante este mi\u00e9rcoles.<\/p>\n","protected":false},"excerpt":{"rendered":"<p>El Ministerio de la Sanidad de Espa\u00f1a inform\u00f3 que por segundo d\u00eda consecutivo se mantuvo el repunte de casos y muertes por coronavirus. En las \u00faltimas 24 horas se registraron 757 fallecimientos, lo que suma un total de 14.555 desde que comenz\u00f3 la pandemia. La cantidad de nuevos contagios es de 6.180, lo que eleva a 146.690 el total de casos, un 4,4 por ciento m\u00e1s que ayer &nbsp; &nbsp; A pesar de los dos d\u00edas de ligero repunte, el titular de la cartera sanitaria, Salvador Illa, recalc\u00f3 que el&#8230;<\/p>\n","protected":false},"author":3,"featured_media":60090,"comment_status":"closed","ping_status":"closed","sticky":false,"template":"","format":"standard","meta":[],"categories":[4],"tags":[],"_links":{"self":[{"href":"https:\/\/www.actualidadadiario.com\/index.php\/wp-json\/wp\/v2\/posts\/60089"}],"collection":[{"href":"https:\/\/www.actualidadadiario.com\/index.php\/wp-json\/wp\/v2\/posts"}],"about":[{"href":"https:\/\/www.actualidadadiario.com\/index.php\/wp-json\/wp\/v2\/types\/post"}],"author":[{"embeddable":true,"href":"https:\/\/www.actualidadadiario.com\/index.php\/wp-json\/wp\/v2\/users\/3"}],"replies":[{"embeddable":true,"href":"https:\/\/www.actualidadadiario.com\/index.php\/wp-json\/wp\/v2\/comments?post=60089"}],"version-history":[{"count":1,"href":"https:\/\/www.actualidadadiario.com\/index.php\/wp-json\/wp\/v2\/posts\/60089\/revisions"}],"predecessor-version":[{"id":60091,"href":"https:\/\/www.actualidadadiario.com\/index.php\/wp-json\/wp\/v2\/posts\/60089\/revisions\/60091"}],"wp:featuredmedia":[{"embeddable":true,"href":"https:\/\/www.actualidadadiario.com\/index.php\/wp-json\/wp\/v2\/media\/60090"}],"wp:attachment":[{"href":"https:\/\/www.actualidadadiario.com\/index.php\/wp-json\/wp\/v2\/media?parent=60089"}],"wp:term":[{"taxonomy":"category","embeddable":true,"href":"https:\/\/www.actualidadadiario.com\/index.php\/wp-json\/wp\/v2\/categories?post=60089"},{"taxonomy":"post_tag","embeddable":true,"href":"https:\/\/www.actualidadadiario.com\/index.php\/wp-json\/wp\/v2\/tags?post=60089"}],"curies":[{"name":"wp","href":"https:\/\/api.w.org\/{rel}","templated":true}]}}