{"id":60087,"date":"2020-04-08T13:58:13","date_gmt":"2020-04-08T16:58:13","guid":{"rendered":"https:\/\/www.actualidadadiario.com\/?p=60087"},"modified":"2020-04-08T13:58:13","modified_gmt":"2020-04-08T16:58:13","slug":"la-organizacion-mundial-de-la-salud-recomienda-no-flexibilizar-la-cuarentena-en-europa","status":"publish","type":"post","link":"https:\/\/www.actualidadadiario.com\/index.php\/2020\/04\/08\/la-organizacion-mundial-de-la-salud-recomienda-no-flexibilizar-la-cuarentena-en-europa\/","title":{"rendered":"La Organizaci\u00f3n Mundial de la Salud recomienda no flexibilizar la cuarentena en Europa"},"content":{"rendered":"<p style=\"text-align: center;\"><em><strong>La Organizaci\u00f3n Mundial de la Salud (OMS) recomend\u00f3 que, a pesar de la ralentizaci\u00f3n de las cifras de contagios por coronavirus en algunos pa\u00edses, \u201cno es momento de flexibilizar las medidas\u201d de confinamiento obligatorio para combatir el avance de la pandemia<\/strong><\/em><\/p>\n<p>&nbsp;<\/p>\n<p>El mensaje del organismo internacional fue dirigido a los pa\u00edses europeos que durante los \u00faltimos d\u00edas mostraron algunas &#8220;se\u00f1ales positivas&#8221; respecto del avance de la pandemia.<\/p>\n<p>&#8220;No es el momento de flexibilizar las medidas. Hay que doblar y triplicar nuestros esfuerzos colectivos en favor de la eliminaci\u00f3n (del virus) con el apoyo de la sociedad entera&#8221;, afirm\u00f3 Hans Kluge, el director de la OMS para Europa durante una rueda de prensa desde Copenhague.<\/p>\n<p>La recomendaci\u00f3n a &#8220;todos los pa\u00edses&#8221; es reforzar sus medidas en tres \u00e1mbitos: protecci\u00f3n del personal sanitario, mantener alejada a &#8220;gente en buena salud de casos sospechosos y probables&#8221; y la comunicaci\u00f3n a la poblaci\u00f3n.<\/p>\n<p>Aunque algunos pa\u00edses muestran &#8220;se\u00f1ales positivas&#8221; en su lucha contra el virus, Kluge considera que la situaci\u00f3n en Europa es a\u00fan &#8220;muy preocupante&#8221;. &#8220;Siete de los diez pa\u00edses m\u00e1s afectados en el mundo se hallan en la regi\u00f3n europea&#8221;, por lo cual &#8220;ser\u00eda peligroso pensar que nos acercamos al final&#8221; de la pandemia, explic\u00f3.<\/p>\n<p>Por otra parte, Kluge inform\u00f3 que dos tercios de los m\u00e1s de 52 mil fallecidos por COVID-19 en Europa son hombres, y un 95 por ciento ten\u00edan m\u00e1s de 65 a\u00f1os. Todos ten\u00edan problemas de salud que se complicaron al contraer el coronavirus, y concretamente m\u00e1s del 60 por ciento padec\u00eda enfermedades cardiovasculares, un 29 diabetes y unas 21 dolencias renales.<\/p>\n<p>Tambi\u00e9n subray\u00f3 que aunque la enfermedad parece ser m\u00e1s grave a mayor edad, el reciente fallecimiento de un menor de cinco a\u00f1os en Reino Unido y otro de 12 en B\u00e9lgica tras contagiarse del coronavirus &#8220;muestran que en casos aislados tambi\u00e9n puede ser fatal para los ni\u00f1os&#8221;.<\/p>\n<p>En Europa, un 40 por ciento de los casos de COVID-19 confirmados requirieron hospitalizaci\u00f3n y un 5 necesitaron de cuidados intensivos. &#8220;Los datos muestran claramente que a\u00fan queda mucho en esta guerra, y que el progreso logrado es extremadamente fr\u00e1gil&#8221;, por lo que &#8220;pensar que estamos cerca del final ser\u00eda peligroso&#8221;, advirti\u00f3.<\/p>\n","protected":false},"excerpt":{"rendered":"<p>La Organizaci\u00f3n Mundial de la Salud (OMS) recomend\u00f3 que, a pesar de la ralentizaci\u00f3n de las cifras de contagios por coronavirus en algunos pa\u00edses, \u201cno es momento de flexibilizar las medidas\u201d de confinamiento obligatorio para combatir el avance de la pandemia &nbsp; El mensaje del organismo internacional fue dirigido a los pa\u00edses europeos que durante los \u00faltimos d\u00edas mostraron algunas &#8220;se\u00f1ales positivas&#8221; respecto del avance de la pandemia. &#8220;No es el momento de flexibilizar las medidas. Hay que doblar y triplicar nuestros esfuerzos colectivos en favor de la eliminaci\u00f3n (del&#8230;<\/p>\n","protected":false},"author":3,"featured_media":59945,"comment_status":"closed","ping_status":"closed","sticky":false,"template":"","format":"standard","meta":[],"categories":[4],"tags":[],"_links":{"self":[{"href":"https:\/\/www.actualidadadiario.com\/index.php\/wp-json\/wp\/v2\/posts\/60087"}],"collection":[{"href":"https:\/\/www.actualidadadiario.com\/index.php\/wp-json\/wp\/v2\/posts"}],"about":[{"href":"https:\/\/www.actualidadadiario.com\/index.php\/wp-json\/wp\/v2\/types\/post"}],"author":[{"embeddable":true,"href":"https:\/\/www.actualidadadiario.com\/index.php\/wp-json\/wp\/v2\/users\/3"}],"replies":[{"embeddable":true,"href":"https:\/\/www.actualidadadiario.com\/index.php\/wp-json\/wp\/v2\/comments?post=60087"}],"version-history":[{"count":1,"href":"https:\/\/www.actualidadadiario.com\/index.php\/wp-json\/wp\/v2\/posts\/60087\/revisions"}],"predecessor-version":[{"id":60088,"href":"https:\/\/www.actualidadadiario.com\/index.php\/wp-json\/wp\/v2\/posts\/60087\/revisions\/60088"}],"wp:featuredmedia":[{"embeddable":true,"href":"https:\/\/www.actualidadadiario.com\/index.php\/wp-json\/wp\/v2\/media\/59945"}],"wp:attachment":[{"href":"https:\/\/www.actualidadadiario.com\/index.php\/wp-json\/wp\/v2\/media?parent=60087"}],"wp:term":[{"taxonomy":"category","embeddable":true,"href":"https:\/\/www.actualidadadiario.com\/index.php\/wp-json\/wp\/v2\/categories?post=60087"},{"taxonomy":"post_tag","embeddable":true,"href":"https:\/\/www.actualidadadiario.com\/index.php\/wp-json\/wp\/v2\/tags?post=60087"}],"curies":[{"name":"wp","href":"https:\/\/api.w.org\/{rel}","templated":true}]}}