{"id":60082,"date":"2020-04-08T13:56:40","date_gmt":"2020-04-08T16:56:40","guid":{"rendered":"https:\/\/www.actualidadadiario.com\/?p=60082"},"modified":"2020-04-08T13:56:40","modified_gmt":"2020-04-08T16:56:40","slug":"cafiero-se-reune-con-el-gabinete-para-analizar-medidas-por-la-pandemia","status":"publish","type":"post","link":"https:\/\/www.actualidadadiario.com\/index.php\/2020\/04\/08\/cafiero-se-reune-con-el-gabinete-para-analizar-medidas-por-la-pandemia\/","title":{"rendered":"Cafiero se re\u00fane con el gabinete para analizar medidas por la pandemia"},"content":{"rendered":"<p style=\"text-align: center;\"><em><strong>La reuni\u00f3n se realizar\u00e1 a las 10 en la Casa Rosada y, adem\u00e1s de Cafiero, est\u00e1 previsto que participen la vicejefa de Gabinete, Cecilia Todesca; y los ministros de Econom\u00eda, Mart\u00edn Guzm\u00e1n; de Trabajo, Claudio Moroni; y de Desarrollo Productivo, Mat\u00edas Kulfas<\/strong><\/em><\/p>\n<p>&nbsp;<\/p>\n<p>&nbsp;<\/p>\n<p>El gabinete econ\u00f3mico nacional deliberar\u00e1 hoy nuevamente, encabezado por el jefe de Gabinete, Santiago Cafiero, y con la lupa en las medidas que est\u00e1 adoptando el Gobierno en el marco de la crisis originada por el avance de la pandemia de coronavirus, informaron a T\u00e9lam fuentes oficiales.<\/p>\n<p>La reuni\u00f3n se realizar\u00e1 a las 10 en la Casa Rosada y, adem\u00e1s de Cafiero, est\u00e1 previsto que participen la vicejefa de Gabinete, Cecilia Todesca; y los ministros de Econom\u00eda, Mart\u00edn Guzm\u00e1n; de Trabajo, Claudio Moroni; y de Desarrollo Productivo, Mat\u00edas Kulfas.<\/p>\n<p>Tambi\u00e9n concurrir\u00e1n el titular del Banco Central, Miguel Pesce; y de la Afip, Mercedes Marc\u00f3 del Pont.<\/p>\n","protected":false},"excerpt":{"rendered":"<p>La reuni\u00f3n se realizar\u00e1 a las 10 en la Casa Rosada y, adem\u00e1s de Cafiero, est\u00e1 previsto que participen la vicejefa de Gabinete, Cecilia Todesca; y los ministros de Econom\u00eda, Mart\u00edn Guzm\u00e1n; de Trabajo, Claudio Moroni; y de Desarrollo Productivo, Mat\u00edas Kulfas &nbsp; &nbsp; El gabinete econ\u00f3mico nacional deliberar\u00e1 hoy nuevamente, encabezado por el jefe de Gabinete, Santiago Cafiero, y con la lupa en las medidas que est\u00e1 adoptando el Gobierno en el marco de la crisis originada por el avance de la pandemia de coronavirus, informaron a T\u00e9lam fuentes&#8230;<\/p>\n","protected":false},"author":3,"featured_media":59515,"comment_status":"closed","ping_status":"closed","sticky":false,"template":"","format":"standard","meta":[],"categories":[18],"tags":[],"_links":{"self":[{"href":"https:\/\/www.actualidadadiario.com\/index.php\/wp-json\/wp\/v2\/posts\/60082"}],"collection":[{"href":"https:\/\/www.actualidadadiario.com\/index.php\/wp-json\/wp\/v2\/posts"}],"about":[{"href":"https:\/\/www.actualidadadiario.com\/index.php\/wp-json\/wp\/v2\/types\/post"}],"author":[{"embeddable":true,"href":"https:\/\/www.actualidadadiario.com\/index.php\/wp-json\/wp\/v2\/users\/3"}],"replies":[{"embeddable":true,"href":"https:\/\/www.actualidadadiario.com\/index.php\/wp-json\/wp\/v2\/comments?post=60082"}],"version-history":[{"count":1,"href":"https:\/\/www.actualidadadiario.com\/index.php\/wp-json\/wp\/v2\/posts\/60082\/revisions"}],"predecessor-version":[{"id":60083,"href":"https:\/\/www.actualidadadiario.com\/index.php\/wp-json\/wp\/v2\/posts\/60082\/revisions\/60083"}],"wp:featuredmedia":[{"embeddable":true,"href":"https:\/\/www.actualidadadiario.com\/index.php\/wp-json\/wp\/v2\/media\/59515"}],"wp:attachment":[{"href":"https:\/\/www.actualidadadiario.com\/index.php\/wp-json\/wp\/v2\/media?parent=60082"}],"wp:term":[{"taxonomy":"category","embeddable":true,"href":"https:\/\/www.actualidadadiario.com\/index.php\/wp-json\/wp\/v2\/categories?post=60082"},{"taxonomy":"post_tag","embeddable":true,"href":"https:\/\/www.actualidadadiario.com\/index.php\/wp-json\/wp\/v2\/tags?post=60082"}],"curies":[{"name":"wp","href":"https:\/\/api.w.org\/{rel}","templated":true}]}}