{"id":60079,"date":"2020-04-08T13:55:56","date_gmt":"2020-04-08T16:55:56","guid":{"rendered":"https:\/\/www.actualidadadiario.com\/?p=60079"},"modified":"2020-04-08T13:55:56","modified_gmt":"2020-04-08T16:55:56","slug":"crean-un-comite-que-intenta-moderar-el-impacto-de-las-medidas-sanitarias-en-la-produccion-y-el-empleo","status":"publish","type":"post","link":"https:\/\/www.actualidadadiario.com\/index.php\/2020\/04\/08\/crean-un-comite-que-intenta-moderar-el-impacto-de-las-medidas-sanitarias-en-la-produccion-y-el-empleo\/","title":{"rendered":"Crean un comit\u00e9 que intenta moderar el impacto de las medidas sanitarias en la producci\u00f3n y el empleo"},"content":{"rendered":"<p style=\"text-align: center;\"><em><strong>Mediante la decisi\u00f3n administrativa 483\/2020 el Gobierno estableci\u00f3 que se acepten las recomendaciones del Comit\u00e9 de Evaluaci\u00f3n y Monitoreo del Programa de Asistencia al Trabajo y la Producci\u00f3n. El mismo busca morigerar el impacto de las medidas sanitarias adoptadas para mitigar la pandemia COVID-19 sobre los procesos productivos y el empleo. La medida fue publicada este mi\u00e9rcoles en el Bolet\u00edn Oficial<\/strong><\/em><\/p>\n<p>&nbsp;<\/p>\n<p>De este modo, el Programa de Asistencia al Trabajo y la Producci\u00f3n est\u00e1 destinado a empleadores y trabajadores afectados por la emergencia sanitaria. As\u00ed, el comit\u00e9 va a definir los hechos relevantes que justifiquen la inclusi\u00f3n de los sujetos beneficiarios. Tambi\u00e9n dictaminar, en base a ellos, respecto de la situaci\u00f3n de actividades econ\u00f3micas y tratamiento de pedidos espec\u00edficos. Con el fin de recomendar o desaconsejar su inclusi\u00f3n y proponer medidas para el cumplimiento de los objetivos.<\/p>\n<p>En esta l\u00ednea, el Ministerio de Econom\u00eda le pidi\u00f3 a la AFIP que habilite los instrumentos para que las empresas brinden la informaci\u00f3n necesaria. Esto para poder acceder a los beneficios. Asimismo buscan que eval\u00fae la postergaci\u00f3n del pago de las contribuciones patronales. Se trata de la correspondiente al per\u00edodo fiscal devengado en el mes de marzo de 2020.<\/p>\n<p>De este modo, se estableci\u00f3 que el Comit\u00e9 se reunir\u00e1 en forma presencial o virtual, con una periodicidad semanal o seg\u00fan la urgencia de las medidas. Respecto de cada una de las reuniones, se dejar\u00e1 constancia en un expediente electr\u00f3nico. En el acta se dejar\u00e1 constancia de los informes t\u00e9cnicos acompa\u00f1ados por cada uno de sus miembros a la reuni\u00f3n. Los informes elaborados por otros organismos a requerimiento del Comit\u00e9 o de alguno de sus miembros, los que se incorporar\u00e1n de igual forma.<\/p>\n<p>Tambi\u00e9n los temas tratados en el desarrollo de la reuni\u00f3n. Las conclusiones que podr\u00e1n versar en: la formulaci\u00f3n de definiciones de hechos relevantes para la inclusi\u00f3n de actividades. Dictamen relativo a actividades o solicitudes. Y propuestas de eficiencia. Concluida la reuni\u00f3n, se girar\u00e1n las conclusiones junto con sus al jefe de Gabinete de Ministros. Este procedimiento se estableci\u00f3 oficialmente.<\/p>\n","protected":false},"excerpt":{"rendered":"<p>Mediante la decisi\u00f3n administrativa 483\/2020 el Gobierno estableci\u00f3 que se acepten las recomendaciones del Comit\u00e9 de Evaluaci\u00f3n y Monitoreo del Programa de Asistencia al Trabajo y la Producci\u00f3n. El mismo busca morigerar el impacto de las medidas sanitarias adoptadas para mitigar la pandemia COVID-19 sobre los procesos productivos y el empleo. La medida fue publicada este mi\u00e9rcoles en el Bolet\u00edn Oficial &nbsp; De este modo, el Programa de Asistencia al Trabajo y la Producci\u00f3n est\u00e1 destinado a empleadores y trabajadores afectados por la emergencia sanitaria. As\u00ed, el comit\u00e9 va a&#8230;<\/p>\n","protected":false},"author":3,"featured_media":60080,"comment_status":"closed","ping_status":"closed","sticky":false,"template":"","format":"standard","meta":[],"categories":[18],"tags":[],"_links":{"self":[{"href":"https:\/\/www.actualidadadiario.com\/index.php\/wp-json\/wp\/v2\/posts\/60079"}],"collection":[{"href":"https:\/\/www.actualidadadiario.com\/index.php\/wp-json\/wp\/v2\/posts"}],"about":[{"href":"https:\/\/www.actualidadadiario.com\/index.php\/wp-json\/wp\/v2\/types\/post"}],"author":[{"embeddable":true,"href":"https:\/\/www.actualidadadiario.com\/index.php\/wp-json\/wp\/v2\/users\/3"}],"replies":[{"embeddable":true,"href":"https:\/\/www.actualidadadiario.com\/index.php\/wp-json\/wp\/v2\/comments?post=60079"}],"version-history":[{"count":1,"href":"https:\/\/www.actualidadadiario.com\/index.php\/wp-json\/wp\/v2\/posts\/60079\/revisions"}],"predecessor-version":[{"id":60081,"href":"https:\/\/www.actualidadadiario.com\/index.php\/wp-json\/wp\/v2\/posts\/60079\/revisions\/60081"}],"wp:featuredmedia":[{"embeddable":true,"href":"https:\/\/www.actualidadadiario.com\/index.php\/wp-json\/wp\/v2\/media\/60080"}],"wp:attachment":[{"href":"https:\/\/www.actualidadadiario.com\/index.php\/wp-json\/wp\/v2\/media?parent=60079"}],"wp:term":[{"taxonomy":"category","embeddable":true,"href":"https:\/\/www.actualidadadiario.com\/index.php\/wp-json\/wp\/v2\/categories?post=60079"},{"taxonomy":"post_tag","embeddable":true,"href":"https:\/\/www.actualidadadiario.com\/index.php\/wp-json\/wp\/v2\/tags?post=60079"}],"curies":[{"name":"wp","href":"https:\/\/api.w.org\/{rel}","templated":true}]}}