{"id":60073,"date":"2020-04-08T13:54:26","date_gmt":"2020-04-08T16:54:26","guid":{"rendered":"https:\/\/www.actualidadadiario.com\/?p=60073"},"modified":"2020-04-08T13:54:26","modified_gmt":"2020-04-08T16:54:26","slug":"frederic-las-provincias-tienen-limites-pero-no-fronteras","status":"publish","type":"post","link":"https:\/\/www.actualidadadiario.com\/index.php\/2020\/04\/08\/frederic-las-provincias-tienen-limites-pero-no-fronteras\/","title":{"rendered":"Frederic: &#8220;Las provincias tienen l\u00edmites, pero no fronteras&#8221;"},"content":{"rendered":"<p style=\"text-align: center;\"><em><strong>La ministra de Seguridad se refiri\u00f3 a las dificultades registradas para la circulaci\u00f3n entre jurisdicciones de camiones de carga y reiter\u00f3 que desde su cartera se trata de &#8220;desalentar&#8221; el cierre de los accesos a los municipios<\/strong><\/em><\/p>\n<p>&nbsp;<\/p>\n<p>&nbsp;<\/p>\n<p>La ministra de Seguridad, Sabina Frederic, insisti\u00f3 en que &#8220;las provincias tienen l\u00edmites, pero no fronteras&#8221;, al referirse a dificultades registradas para la circulaci\u00f3n entre jurisdicciones de camiones de carga y reiter\u00f3 que desde su cartera se trata de &#8220;desalentar&#8221; el cierre de los accesos a los municipios, en el contexto de la pandemia de coronavirus.<\/p>\n<p>&#8220;Puede haber buena voluntad y buenas intenciones de funcionarios y gobernadores que quieren protegerse \u2013aislando sus distritos-; pero trabajamos mucho para manejar estos impulsos y manejar el tema del transporte, como el de carga, para que pueda transitar&#8221;, expres\u00f3 Frederic al exponer por videoconferencia ante la comisi\u00f3n de Seguridad Interior de la C\u00e1mara baja.<\/p>\n<p>Ante ese grupo parlamentario de trabajo, que preside la diputada oficialista Paula Penacca, Frederic precis\u00f3: &#8220;Nosotros tratamos de desalentarlos a los intendentes que cierran sus ciudades&#8221; y acept\u00f3 que existi\u00f3 alguna dificultad en el puente Chaco-Corrientes.<\/p>\n<p>En su exposici\u00f3n inicial, que se extendi\u00f3 por m\u00e1s de media hora, la ministra brind\u00f3 una serie de datos sobre los controles de circulaci\u00f3n dispuestos en el pa\u00eds: hubo 1.244.309 personas notificadas; 30.923 personas que recibieron infracciones; 912.637 veh\u00edculos controlados; y 2.534 veh\u00edculos secuestrados.<\/p>\n<p>En casi todos los rubros hubo un 56 por ciento de aumento, a excepci\u00f3n de la cantidad de veh\u00edculos controlados, que aument\u00f3 un 11% y la de veh\u00edculos secuestrados, que baj\u00f3 un 24%.<\/p>\n<p>Al repasar la labor de las fuerzas federales, Frederic dijo que Gendarmer\u00eda, Prefectura Naval y Polic\u00eda de Seguridad Aeroportuaria (PSA) trabajaron &#8220;en 2.218 puestos fijos en los 24 distritos&#8221;.<\/p>\n<p>Sobre la PSA, apunt\u00f3 que esa fuerza &#8220;trabaj\u00f3 en conjunto con la Direcci\u00f3n de Sanidad de Fronteras para canalizar a los pasajeros reci\u00e9n llegados, diferenciando seg\u00fan si ten\u00edan o no s\u00edntomas del coronavirus&#8221;.<\/p>\n<p>En relaci\u00f3n a Prefectura Naval, la ministra destac\u00f3 que &#8220;el personal afectado en pasos fronterizos pas\u00f3 de 253 efectivos a 421&#8221; y que cumpli\u00f3 adem\u00e1s un &#8220;rol importante&#8221; en el control de la llegada de cruceros y de sus pasajeros en los principales puertos.<\/p>\n<p>&#8220;Gendarmer\u00eda Nacional reforz\u00f3 un 30 por ciento su personal para dar cumplimiento a las restricciones decretadas, tiene a su cargo la custodia en el servicio de trenes y reforz\u00f3 el patrullaje donde presta seguridad ciudadana&#8221;, a\u00f1adi\u00f3.<\/p>\n<p>En cuanto a la Polic\u00eda Federal, Frederic indic\u00f3 que la fuerza est\u00e1 a cargo del &#8220;traslado de respiradores autom\u00e1ticos e insumos para su fabricaci\u00f3n&#8221;.<\/p>\n<p>La ministra puso especial \u00e9nfasis en casos de violencia institucional detectados en las provincias y evalu\u00f3 que esas situaciones pueden darse cuando &#8220;las \u00f3rdenes pol\u00edticas no son del todo claras&#8221;.<\/p>\n<p>Precis\u00f3 que &#8220;fueron pasados a disponibilidad tres gendarmes&#8221; y que existen 22 casos de agentes de fuerzas federales que &#8220;est\u00e1n siendo investigados por violencia institucional&#8221;.<\/p>\n<p>Ante las numerosas consultas de diputados en relaci\u00f3n con el regreso de argentinos desde el exterior, dijo que &#8220;el tema est\u00e1 en manos del Ministerio de Salud, que tiene la potestad de definici\u00f3n; y luego de la Canciller\u00eda, de Transporte y finalmente de Seguridad&#8221;.<\/p>\n<p>Sobre el &#8216;ciberpatrullaje&#8217; por las redes sociales a cargo de fuerzas federales, cuestionado por la izquierda y por algunos diputados de Juntos por el Cambio, la ministra aclar\u00f3 que &#8220;&#8216;ciberpatrullaje&#8217; no es &#8216;ciberespionaje&#8217;.<\/p>\n<p>&#8220;Es eso, un patrullaje, que se hace sobre lo que es p\u00fablico; las fuerzas federales s\u00f3lo acceden a lo que es p\u00fablico. Hacemos poco, pero hacemos algo, algo es mejor que nada&#8221;, reflexion\u00f3.<\/p>\n<p>&#8220;Todas las fuerzas realizan &#8216;ciberpatrullaje&#8217; en las redes sociales para detectar el humor social, dependiendo de la zona, y trabajar en alertas tempranas para prevenir diversas situaciones&#8221;, hab\u00eda dicho la funcionaria en su introducci\u00f3n.<\/p>\n<p>La ministra es la quinta integrante del Gabinete Nacional que expone de manera virtual en reuniones de comisi\u00f3n de la C\u00e1mara de Diputados, en las \u00faltimas dos semanas, en el marco de las medidas adoptadas ante la pandemia de coronavirus.<\/p>\n","protected":false},"excerpt":{"rendered":"<p>La ministra de Seguridad se refiri\u00f3 a las dificultades registradas para la circulaci\u00f3n entre jurisdicciones de camiones de carga y reiter\u00f3 que desde su cartera se trata de &#8220;desalentar&#8221; el cierre de los accesos a los municipios &nbsp; &nbsp; La ministra de Seguridad, Sabina Frederic, insisti\u00f3 en que &#8220;las provincias tienen l\u00edmites, pero no fronteras&#8221;, al referirse a dificultades registradas para la circulaci\u00f3n entre jurisdicciones de camiones de carga y reiter\u00f3 que desde su cartera se trata de &#8220;desalentar&#8221; el cierre de los accesos a los municipios, en el contexto&#8230;<\/p>\n","protected":false},"author":3,"featured_media":60074,"comment_status":"closed","ping_status":"closed","sticky":false,"template":"","format":"standard","meta":[],"categories":[18],"tags":[],"_links":{"self":[{"href":"https:\/\/www.actualidadadiario.com\/index.php\/wp-json\/wp\/v2\/posts\/60073"}],"collection":[{"href":"https:\/\/www.actualidadadiario.com\/index.php\/wp-json\/wp\/v2\/posts"}],"about":[{"href":"https:\/\/www.actualidadadiario.com\/index.php\/wp-json\/wp\/v2\/types\/post"}],"author":[{"embeddable":true,"href":"https:\/\/www.actualidadadiario.com\/index.php\/wp-json\/wp\/v2\/users\/3"}],"replies":[{"embeddable":true,"href":"https:\/\/www.actualidadadiario.com\/index.php\/wp-json\/wp\/v2\/comments?post=60073"}],"version-history":[{"count":1,"href":"https:\/\/www.actualidadadiario.com\/index.php\/wp-json\/wp\/v2\/posts\/60073\/revisions"}],"predecessor-version":[{"id":60075,"href":"https:\/\/www.actualidadadiario.com\/index.php\/wp-json\/wp\/v2\/posts\/60073\/revisions\/60075"}],"wp:featuredmedia":[{"embeddable":true,"href":"https:\/\/www.actualidadadiario.com\/index.php\/wp-json\/wp\/v2\/media\/60074"}],"wp:attachment":[{"href":"https:\/\/www.actualidadadiario.com\/index.php\/wp-json\/wp\/v2\/media?parent=60073"}],"wp:term":[{"taxonomy":"category","embeddable":true,"href":"https:\/\/www.actualidadadiario.com\/index.php\/wp-json\/wp\/v2\/categories?post=60073"},{"taxonomy":"post_tag","embeddable":true,"href":"https:\/\/www.actualidadadiario.com\/index.php\/wp-json\/wp\/v2\/tags?post=60073"}],"curies":[{"name":"wp","href":"https:\/\/api.w.org\/{rel}","templated":true}]}}