{"id":60071,"date":"2020-04-08T13:53:43","date_gmt":"2020-04-08T16:53:43","guid":{"rendered":"https:\/\/www.actualidadadiario.com\/?p=60071"},"modified":"2020-04-08T13:53:43","modified_gmt":"2020-04-08T16:53:43","slug":"alberto-tras-reunion-con-cristina-la-escucho-por-su-gran-capacidad-e-inteligencia","status":"publish","type":"post","link":"https:\/\/www.actualidadadiario.com\/index.php\/2020\/04\/08\/alberto-tras-reunion-con-cristina-la-escucho-por-su-gran-capacidad-e-inteligencia\/","title":{"rendered":"Alberto, tras reuni\u00f3n con Cristina: &#8220;La escucho por su gran capacidad e inteligencia&#8221;"},"content":{"rendered":"<p style=\"text-align: center;\"><em><strong>&#8220;Hablamos de econom\u00eda, de la deuda, de lo que pasa&#8221;, cont\u00f3 el mandatario sobre el encuentro<\/strong><\/em><\/p>\n<p>&nbsp;<\/p>\n<p>&nbsp;<\/p>\n<p>El presidente Alberto Fern\u00e1ndez cont\u00f3 que ayer mantuvo un encuentro en la residencia de Olivos con la vicepresidenta Cristina Fern\u00e1ndez de Kirchner e indic\u00f3 que la escucha \u201cpor su gran capacidad e inteligencia\u201d.<\/p>\n<p>\u201cAyer estuve hablando con Cristina un rato largo. Vino a visitarme a Olivos porque somos amigos y siempre tiene cosas para aportar\u201d, asegur\u00f3 el Presidente al hablar esta ma\u00f1ana con la radio AM 1110.<\/p>\n<p>Fern\u00e1ndez agreg\u00f3 que en los di\u00e1logos que mantiene con Cristina Fern\u00e1ndez \u201ca veces estamos de acuerdo y a veces no, pero yo la escucho por su gran capacidad e inteligencia\u201d.<\/p>\n<p>\u201cVino a Olivos a verme porque ten\u00edamos cosas que ver juntos. Hablamos de econom\u00eda, de la deuda, de lo que pasa. Fue una charla de amigos que tienen funciones importantes en un momento como este\u201d, asegur\u00f3 el Jefe de Estado.<\/p>\n","protected":false},"excerpt":{"rendered":"<p>&#8220;Hablamos de econom\u00eda, de la deuda, de lo que pasa&#8221;, cont\u00f3 el mandatario sobre el encuentro &nbsp; &nbsp; El presidente Alberto Fern\u00e1ndez cont\u00f3 que ayer mantuvo un encuentro en la residencia de Olivos con la vicepresidenta Cristina Fern\u00e1ndez de Kirchner e indic\u00f3 que la escucha \u201cpor su gran capacidad e inteligencia\u201d. \u201cAyer estuve hablando con Cristina un rato largo. Vino a visitarme a Olivos porque somos amigos y siempre tiene cosas para aportar\u201d, asegur\u00f3 el Presidente al hablar esta ma\u00f1ana con la radio AM 1110. Fern\u00e1ndez agreg\u00f3 que en los&#8230;<\/p>\n","protected":false},"author":3,"featured_media":54288,"comment_status":"closed","ping_status":"closed","sticky":false,"template":"","format":"standard","meta":[],"categories":[18],"tags":[],"_links":{"self":[{"href":"https:\/\/www.actualidadadiario.com\/index.php\/wp-json\/wp\/v2\/posts\/60071"}],"collection":[{"href":"https:\/\/www.actualidadadiario.com\/index.php\/wp-json\/wp\/v2\/posts"}],"about":[{"href":"https:\/\/www.actualidadadiario.com\/index.php\/wp-json\/wp\/v2\/types\/post"}],"author":[{"embeddable":true,"href":"https:\/\/www.actualidadadiario.com\/index.php\/wp-json\/wp\/v2\/users\/3"}],"replies":[{"embeddable":true,"href":"https:\/\/www.actualidadadiario.com\/index.php\/wp-json\/wp\/v2\/comments?post=60071"}],"version-history":[{"count":1,"href":"https:\/\/www.actualidadadiario.com\/index.php\/wp-json\/wp\/v2\/posts\/60071\/revisions"}],"predecessor-version":[{"id":60072,"href":"https:\/\/www.actualidadadiario.com\/index.php\/wp-json\/wp\/v2\/posts\/60071\/revisions\/60072"}],"wp:featuredmedia":[{"embeddable":true,"href":"https:\/\/www.actualidadadiario.com\/index.php\/wp-json\/wp\/v2\/media\/54288"}],"wp:attachment":[{"href":"https:\/\/www.actualidadadiario.com\/index.php\/wp-json\/wp\/v2\/media?parent=60071"}],"wp:term":[{"taxonomy":"category","embeddable":true,"href":"https:\/\/www.actualidadadiario.com\/index.php\/wp-json\/wp\/v2\/categories?post=60071"},{"taxonomy":"post_tag","embeddable":true,"href":"https:\/\/www.actualidadadiario.com\/index.php\/wp-json\/wp\/v2\/tags?post=60071"}],"curies":[{"name":"wp","href":"https:\/\/api.w.org\/{rel}","templated":true}]}}