{"id":60069,"date":"2020-04-08T13:52:54","date_gmt":"2020-04-08T16:52:54","guid":{"rendered":"https:\/\/www.actualidadadiario.com\/?p=60069"},"modified":"2020-04-08T13:52:54","modified_gmt":"2020-04-08T16:52:54","slug":"analizan-cambiar-horarios-de-ingreso-a-las-escuelas-para-despues-del-levantamiento-de-la-cuarentena","status":"publish","type":"post","link":"https:\/\/www.actualidadadiario.com\/index.php\/2020\/04\/08\/analizan-cambiar-horarios-de-ingreso-a-las-escuelas-para-despues-del-levantamiento-de-la-cuarentena\/","title":{"rendered":"Analizan cambiar horarios de ingreso a las escuelas para despu\u00e9s del levantamiento de la cuarentena"},"content":{"rendered":"<p style=\"text-align: center;\"><em><strong>Lo confirm\u00f3 el ministro de Educaci\u00f3n, Nicol\u00e1s Trotta. La propuesta est\u00e1 siendo analizada junto a un equipo de expertos. Podr\u00eda escalonarse el ingreso de los alumnos<\/strong><\/em><\/p>\n<p>&nbsp;<\/p>\n<p>&nbsp;<\/p>\n<p>El Gobierno analiza cambiar el horario de ingreso de los chicos a las escuelas para despu\u00e9s del levantamiento de la cuarentena frente a la pandemia de coronavirus, tanto para segmentar el movimiento en las calles como tambi\u00e9n para permitir un &#8220;mayor rendimiento&#8221; de los alumnos por no tener que despertarse tan temprano.<\/p>\n<p>La propuesta fue confirmada por el ministro de Educaci\u00f3n, Nicol\u00e1s Trotta, en di\u00e1logo con Rock and Pop, en donde se\u00f1al\u00f3 que &#8220;est\u00e1 en discusi\u00f3n&#8221; el horario de entrada de los alumnos a los establecimientos educativos.<\/p>\n<p>En ese sentido, el integrante del Gabinete remarc\u00f3 que analizan el tema junto a un equipo de expertos encabezado por Diego Golombek quien es director Ejecutivo del Instituto Nacional de Educaci\u00f3n Tecnol\u00f3gica (INET).<\/p>\n<p>El funcionario nacional remarc\u00f3 que los hist\u00f3ricos horarios de entrada a las escuelas &#8220;no les permite el mayor rendimiento&#8221; a los alumnos, por lo cual se baraja la posibilidad de &#8220;escalonar el ingreso&#8221;.<\/p>\n<p>De todos modos, Trotta advirti\u00f3 que &#8220;el principal problema es c\u00f3mo se organizan el tema de los horarios laborales&#8221; para los padres que tienen que dejar a los chicos en los establecimientos educativos e ir a trabajar. Asimismo, remarc\u00f3 que tambi\u00e9n hay que evaluar &#8220;problemas de infraestructura&#8221; en las escuelas.<\/p>\n<p>Al ser consultado sobre el reinicio de las clases una vez finalizado el per\u00edodo de cuarentena, el ministro de Educaci\u00f3n explic\u00f3: &#8220;Apenas los expertos digan que est\u00e1n en condiciones de volver a clases, vamos a volver a las aulas&#8221;.<\/p>\n<p>Y a\u00f1adi\u00f3: &#8220;No depende s\u00f3lo de lo que ocurre en la Argentina, sino ver el comportamiento de la pandemia en otros lugares que est\u00e1n m\u00e1s adelantados y ver cu\u00e1ndo ellos vuelven a la escuela&#8221;.<\/p>\n<p>El funcionario nacional destac\u00f3 que &#8220;la incertidumbre de cu\u00e1ndo se va a volver a las aulas lleva a tratar de profundizar estas instancias de ense\u00f1anza a distancia para luego ver qu\u00e9 se hace con el calendario escolar&#8221;.<\/p>\n<p>&#8220;Los tres niveles obligatorios est\u00e1n haciendo un enorme esfuerzo en el sistema de ense\u00f1anza a distancia&#8221;, concluy\u00f3 el ministro de Educaci\u00f3n.<\/p>\n<p>\u201cEn esta Argentina federal con distintas realidades, se supone que la ruralidad podr\u00eda regresar primero a las aulas antes que los grandes centros urbanos con mayor circulaci\u00f3n. Pero hay una decisi\u00f3n epidemiol\u00f3gica y adem\u00e1s hay que tener en cuenta la propia tranquilidad de todas las familias, que no sientan que sus hijas e hijos se est\u00e1n exponiendo. Por eso, todas estas decisiones deben tomarse con mucho consenso. Lo m\u00e1s importante en este momento es cuidar la salud\u201d, explic\u00f3 Trotta.<\/p>\n<p>\u201cEl lunes pr\u00f3ximo no volveremos f\u00edsicamente a las escuelas, seguiremos aprendiendo y educando a la distancia con un enorme compromiso por parte de todos los actores involucrados. Hay un Gobierno y un Presidente que est\u00e1n construyendo el camino con las m\u00e1ximas referencias del campo de la salud para llevar la tranquilidad a todas las argentinas y argentinos. Volveremos a las aulas cuando que no exista riesgo para ninguna de nuestras ni\u00f1as, ni\u00f1os y adolescentes\u201d, agreg\u00f3 el titular de la cartera educativa nacional.<\/p>\n","protected":false},"excerpt":{"rendered":"<p>Lo confirm\u00f3 el ministro de Educaci\u00f3n, Nicol\u00e1s Trotta. La propuesta est\u00e1 siendo analizada junto a un equipo de expertos. Podr\u00eda escalonarse el ingreso de los alumnos &nbsp; &nbsp; El Gobierno analiza cambiar el horario de ingreso de los chicos a las escuelas para despu\u00e9s del levantamiento de la cuarentena frente a la pandemia de coronavirus, tanto para segmentar el movimiento en las calles como tambi\u00e9n para permitir un &#8220;mayor rendimiento&#8221; de los alumnos por no tener que despertarse tan temprano. La propuesta fue confirmada por el ministro de Educaci\u00f3n, Nicol\u00e1s&#8230;<\/p>\n","protected":false},"author":3,"featured_media":24462,"comment_status":"closed","ping_status":"closed","sticky":false,"template":"","format":"standard","meta":[],"categories":[18],"tags":[],"_links":{"self":[{"href":"https:\/\/www.actualidadadiario.com\/index.php\/wp-json\/wp\/v2\/posts\/60069"}],"collection":[{"href":"https:\/\/www.actualidadadiario.com\/index.php\/wp-json\/wp\/v2\/posts"}],"about":[{"href":"https:\/\/www.actualidadadiario.com\/index.php\/wp-json\/wp\/v2\/types\/post"}],"author":[{"embeddable":true,"href":"https:\/\/www.actualidadadiario.com\/index.php\/wp-json\/wp\/v2\/users\/3"}],"replies":[{"embeddable":true,"href":"https:\/\/www.actualidadadiario.com\/index.php\/wp-json\/wp\/v2\/comments?post=60069"}],"version-history":[{"count":1,"href":"https:\/\/www.actualidadadiario.com\/index.php\/wp-json\/wp\/v2\/posts\/60069\/revisions"}],"predecessor-version":[{"id":60070,"href":"https:\/\/www.actualidadadiario.com\/index.php\/wp-json\/wp\/v2\/posts\/60069\/revisions\/60070"}],"wp:featuredmedia":[{"embeddable":true,"href":"https:\/\/www.actualidadadiario.com\/index.php\/wp-json\/wp\/v2\/media\/24462"}],"wp:attachment":[{"href":"https:\/\/www.actualidadadiario.com\/index.php\/wp-json\/wp\/v2\/media?parent=60069"}],"wp:term":[{"taxonomy":"category","embeddable":true,"href":"https:\/\/www.actualidadadiario.com\/index.php\/wp-json\/wp\/v2\/categories?post=60069"},{"taxonomy":"post_tag","embeddable":true,"href":"https:\/\/www.actualidadadiario.com\/index.php\/wp-json\/wp\/v2\/tags?post=60069"}],"curies":[{"name":"wp","href":"https:\/\/api.w.org\/{rel}","templated":true}]}}